{"id":966,"date":"2021-09-28T15:17:43","date_gmt":"2021-09-28T12:17:43","guid":{"rendered":"https:\/\/75.usm.md\/?p=966"},"modified":"2021-09-28T15:19:58","modified_gmt":"2021-09-28T12:19:58","slug":"a-fost-inaugurata-conferinta-stiintifica-internationala-patrimoniul-cultural-de-ieri-implicatii-in-dezvoltarea-societatii-durabile-de-maine","status":"publish","type":"post","link":"https:\/\/75.usm.md\/?p=966","title":{"rendered":"A fost inaugurat\u0103 Conferin\u021ba \u0218tiin\u021bific\u0103 Interna\u021bional\u0103 \u201ePatrimoniul cultural de ieri \u2013 implica\u021bii \u00een dezvoltarea societ\u0103\u021bii durabile de m\u00e2ine\u201d"},"content":{"rendered":"<p style=\"text-align: justify;\">Rectorul Universit\u0103\u021bii de Stat din Moldova, conf. univ., dr. Igor \u0218AROV a participat ast\u0103zi, 28 septembrie, la deschiderea lucr\u0103rilor Conferin\u021bei \u0219tiin\u021bifice interna\u021bionale \u201ePatrimoniul cultural de ieri \u2013 implica\u021bii \u00een dezvoltarea societ\u0103\u021bii durabile de m\u00e2ine\u201d. Edi\u021bia a patra a conferin\u021bei \u0219tiin\u021bifice interna\u021bionale are loc \u00een contextul Zilelor Europene ale Patrimoniului \u0219i este dedicat\u0103 anivers\u0103rii a 75-a de la fondarea Universit\u0103\u021bii de Stat din Moldova.<\/p>\n<p style=\"text-align: justify;\">La eveniment au mai participat: pre\u0219edintele Academiei de \u0218tiin\u021be a Moldovei, acad. Ion TIGHINEANU; directorul Centrului Mitropolitan de Cercet\u0103ri T.A.B.O.R., Ia\u0219i, Rom\u00e2nia, dr. hab. Nicoleta VORNICU; directorul Institutului European pentru Cercet\u0103ri Multidisciplinare, Buz\u0103u, Rom\u00e2nia, dr., comandor Marius-Adrian NICOAR\u0102; secretarul \u015ftiin\u0163ific al Institutului de Etnologie al Academiei Na\u021bionale de \u0218tiin\u021be a Ucrainei, Lvov, dr. Vlodimir KONOPKO; directorul Bibliotecii Na\u021bionale a Republicii Moldova, Elena PINTILEI etc.<\/p>\n<p style=\"text-align: justify;\">Rectorul USM, conf. univ., dr. Igor \u0218AROV a felicitat organizatorii pentru buna preg\u0103tire a evenimentului, subliniind faptul c\u0103 cea de-a IV-a edi\u021bie demonstreaz\u0103 deja sustenabilitatea proiectului.<\/p>\n<p style=\"text-align: justify;\">Lucr\u0103rile conferin\u021bei sunt structurate conform urm\u0103toarelor sec\u021biuni \u0219i paneluri de dezbateri: \u0219edin\u021ba \u00een plen Patrimoniul cultural din Republica Moldova: trei decenii de independen\u021b\u0103 (1991\u20132021); Sec\u021biunea Patrimoniul arhivistic: salvgardare, valorificare, management; Sec\u021biunea Patrimoniul istoric \u0219i arheologic: probleme \u0219i solu\u021bii; Sec\u021biunea Patrimoniul artistic \u00een context na\u021bional \u0219i interna\u021bional \u0219i Patrimoniul etnologic: de la necunoa\u0219tere la valorizare cultural\u0103; Sec\u021biunea Conservarea \u0219i restaurarea patrimoniului cultural \u2013 experien\u021b\u0103 \u0219i bune practici; Sec\u021biunea Studii filologice \u0219i literare.<\/p>\n<p style=\"text-align: justify;\">Manifestarea \u0219tiin\u021bific\u0103 include \u0219i prezentarea filmului documentar \u201eArtistul plastic Gheorghe Vrabie: contribu\u021bii la formarea identit\u0103\u021bii simbolice a Chi\u0219in\u0103ului\u201d.<\/p>\n<p style=\"text-align: justify;\">Conferin\u021ba \u201ePatrimoniul cultural de ieri \u2013 implica\u021bii \u00een dezvoltarea societ\u0103\u021bii durabile de m\u00e2ine\u201d se desf\u0103\u0219oar\u0103 \u00een perioada 28-29 septembrie \u0219i este organizat\u0103 de Sec\u021bia \u0218tiin\u021be Sociale, Economice, Umanistice \u0219i Arte a Academiei de \u0218tiin\u021be a Moldovei, Universitatea de Stat din Moldova \u0219i Centrul Mitropolitan de Cercet\u0103ri T.A.B.O.R., Ia\u0219i, Rom\u00e2nia, \u00een parteneriat cu Biblioteca Na\u021bional\u0103 a Republicii Moldova, Prim\u0103ria ora\u0219ului Buz\u0103u, Institutul European pentru Cercet\u0103ri Multidisciplinare, Buz\u0103u, Rom\u00e2nia \u0219i Institutul de Etnologie al Academiei Na\u021bionale de \u0218tiin\u021be a Ucrainei, Lvov.<\/p>\n<p><img loading=\"lazy\" decoding=\"async\" class=\"alignnone size-large wp-image-967\" src=\"https:\/\/75.usm.md\/wp-content\/uploads\/2021\/09\/partimoniu_-1-1024x768.jpg\" alt=\"\" width=\"910\" height=\"683\" srcset=\"https:\/\/75.usm.md\/wp-content\/uploads\/2021\/09\/partimoniu_-1-1024x768.jpg 1024w, https:\/\/75.usm.md\/wp-content\/uploads\/2021\/09\/partimoniu_-1-300x225.jpg 300w, https:\/\/75.usm.md\/wp-content\/uploads\/2021\/09\/partimoniu_-1-768x576.jpg 768w, https:\/\/75.usm.md\/wp-content\/uploads\/2021\/09\/partimoniu_-1-1536x1152.jpg 1536w, https:\/\/75.usm.md\/wp-content\/uploads\/2021\/09\/partimoniu_-1-80x60.jpg 80w, https:\/\/75.usm.md\/wp-content\/uploads\/2021\/09\/partimoniu_-1.jpg 1600w\" sizes=\"(max-width: 910px) 100vw, 910px\" \/><\/p>\n<p><img loading=\"lazy\" decoding=\"async\" class=\"alignnone size-large wp-image-968\" src=\"https:\/\/75.usm.md\/wp-content\/uploads\/2021\/09\/patrimoniu_2-1-1024x768.jpg\" alt=\"\" width=\"910\" height=\"683\" srcset=\"https:\/\/75.usm.md\/wp-content\/uploads\/2021\/09\/patrimoniu_2-1-1024x768.jpg 1024w, https:\/\/75.usm.md\/wp-content\/uploads\/2021\/09\/patrimoniu_2-1-300x225.jpg 300w, https:\/\/75.usm.md\/wp-content\/uploads\/2021\/09\/patrimoniu_2-1-768x576.jpg 768w, https:\/\/75.usm.md\/wp-content\/uploads\/2021\/09\/patrimoniu_2-1-1536x1152.jpg 1536w, https:\/\/75.usm.md\/wp-content\/uploads\/2021\/09\/patrimoniu_2-1-80x60.jpg 80w, https:\/\/75.usm.md\/wp-content\/uploads\/2021\/09\/patrimoniu_2-1.jpg 1600w\" sizes=\"(max-width: 910px) 100vw, 910px\" \/><\/p>\n<p><img loading=\"lazy\" decoding=\"async\" class=\"alignnone  wp-image-971\" src=\"https:\/\/75.usm.md\/wp-content\/uploads\/2021\/09\/patrimoniu_4.jpg\" alt=\"\" width=\"908\" height=\"1211\" srcset=\"https:\/\/75.usm.md\/wp-content\/uploads\/2021\/09\/patrimoniu_4.jpg 600w, https:\/\/75.usm.md\/wp-content\/uploads\/2021\/09\/patrimoniu_4-225x300.jpg 225w, https:\/\/75.usm.md\/wp-content\/uploads\/2021\/09\/patrimoniu_4-45x60.jpg 45w\" sizes=\"(max-width: 908px) 100vw, 908px\" \/><\/p>\n","protected":false},"excerpt":{"rendered":"<p>Rectorul Universit\u0103\u021bii de Stat din Moldova, conf. univ., dr. Igor \u0218AROV a participat ast\u0103zi, 28 septembrie, la deschiderea lucr\u0103rilor Conferin\u021bei \u0219tiin\u021bifice interna\u021bionale \u201ePatrimoniul cultural de ieri \u2013 implica\u021bii \u00een dezvoltarea societ\u0103\u021bii durabile de m\u00e2ine\u201d. Edi\u021bia a patra a conferin\u021bei \u0219tiin\u021bifice interna\u021bionale are loc \u00een contextul &hellip; <\/p>\n","protected":false},"author":1,"featured_media":969,"comment_status":"closed","ping_status":"closed","sticky":false,"template":"","format":"standard","meta":{"footnotes":""},"categories":[5],"tags":[],"_links":{"self":[{"href":"https:\/\/75.usm.md\/index.php?rest_route=\/wp\/v2\/posts\/966"}],"collection":[{"href":"https:\/\/75.usm.md\/index.php?rest_route=\/wp\/v2\/posts"}],"about":[{"href":"https:\/\/75.usm.md\/index.php?rest_route=\/wp\/v2\/types\/post"}],"author":[{"embeddable":true,"href":"https:\/\/75.usm.md\/index.php?rest_route=\/wp\/v2\/users\/1"}],"replies":[{"embeddable":true,"href":"https:\/\/75.usm.md\/index.php?rest_route=%2Fwp%2Fv2%2Fcomments&post=966"}],"version-history":[{"count":2,"href":"https:\/\/75.usm.md\/index.php?rest_route=\/wp\/v2\/posts\/966\/revisions"}],"predecessor-version":[{"id":972,"href":"https:\/\/75.usm.md\/index.php?rest_route=\/wp\/v2\/posts\/966\/revisions\/972"}],"wp:featuredmedia":[{"embeddable":true,"href":"https:\/\/75.usm.md\/index.php?rest_route=\/wp\/v2\/media\/969"}],"wp:attachment":[{"href":"https:\/\/75.usm.md\/index.php?rest_route=%2Fwp%2Fv2%2Fmedia&parent=966"}],"wp:term":[{"taxonomy":"category","embeddable":true,"href":"https:\/\/75.usm.md\/index.php?rest_route=%2Fwp%2Fv2%2Fcategories&post=966"},{"taxonomy":"post_tag","embeddable":true,"href":"https:\/\/75.usm.md\/index.php?rest_route=%2Fwp%2Fv2%2Ftags&post=966"}],"curies":[{"name":"wp","href":"https:\/\/api.w.org\/{rel}","templated":true}]}}