{"id":933,"date":"2021-09-27T16:56:58","date_gmt":"2021-09-27T13:56:58","guid":{"rendered":"https:\/\/75.usm.md\/?p=933"},"modified":"2021-09-27T16:56:58","modified_gmt":"2021-09-27T13:56:58","slug":"studentii-si-absolventii-facultatii-de-litere-au-discutat-despre-tendintele-actuale-in-invatamantul-superior-din-republica-moldova","status":"publish","type":"post","link":"https:\/\/75.usm.md\/?p=933","title":{"rendered":"Studen\u021bii \u0219i absolven\u021bii Facult\u0103\u021bii de Litere au discutat despre tendin\u021bele actuale \u00een \u00eenv\u0103\u021b\u0103m\u00e2ntul superior din Republica Moldova"},"content":{"rendered":"<p style=\"text-align: justify;\">Aniversarea a 75-a a Universit\u0103\u021bii de Stat din Moldova este, implicit, \u0219i aniversarea a 75-a a Facult\u0103\u021bii de Litere, care se afl\u0103 printre structurile fondatoare ale Universit\u0103\u021bii, o prezen\u021b\u0103 de prestigiu \u00een \u00eenv\u0103\u021b\u0103m\u00e2ntul superior din domeniul \u0219tiin\u021belor filologice.<\/p>\n<p style=\"text-align: justify;\">Facultatea de Litere a avut un motto care a fost \u0219i va r\u0103m\u00e2ne actual: <strong>NUMELE MARI SE SCRIU CU LITERE, <\/strong>or \u0219i de aceast\u0103 dat\u0103 oaspe\u021bii facult\u0103\u021bii care au acceptat cu generozitate invita\u021bia de a participa la dialog demonstreaz\u0103 cu prisosin\u021b\u0103 c\u0103 absolven\u021bii acestei facult\u0103\u021bi devin personalit\u0103\u021bi notorii \u00een domeniile pe care le profeseaz\u0103.<\/p>\n<p style=\"text-align: justify;\">\u00a0\u00a0\u00a0\u00a0\u00a0\u00a0\u00a0\u00a0\u00a0\u00a0\u00a0 La 27 septembrie Facultatea de Litere a fost onorat\u0103 \u00a0s\u0103 poat\u0103 discuta \u2013 at\u00e2t fa\u021b\u0103-\u00een-fa\u021b\u0103, c\u00e2t \u0219i online prin intermediul platformei google meet \u2013 cu absolventele Facult\u0103\u021bii de Litere, persoane active \u00een via\u021ba public\u0103 din Republica Moldova: <strong>Liliana Nicolaescu-Onofrei<\/strong>, Pre\u0219edintele Comisiei Parlamentare Cultur\u0103, Educa\u021bie, Tineret, Sport \u0219i Mass-Media \u0219i <strong>Marcela Adam<\/strong>, secretarul aceleia\u0219i comisii. Printre invita\u021bii de onoare ai \u00eent\u00e2lnirii a fost \u0219i doamna <strong>Adriana Cazacu-\u021aigaie<\/strong>, Secretar de Stat la Ministerul Educa\u021biei \u0219i Cercet\u0103rii.<\/p>\n<p style=\"text-align: justify;\">\u00a0\u00a0\u00a0\u00a0\u00a0\u00a0\u00a0\u00a0\u00a0\u00a0\u00a0 \u00cent\u00e2lnirea s-a desf\u0103\u0219urat sub genericul <strong><em>Tendin\u021be actuale \u00een \u00eenv\u0103\u021b\u0103m\u00e2ntul superior din Republica Moldova<\/em><\/strong>, iar invitatele s-au pronun\u021bat pe marginea mai multor provoc\u0103ri la care trebuie s\u0103 fac\u0103 fa\u021b\u0103 sistemul educa\u021bional din \u021bara noastr\u0103: concentrarea cercet\u0103rii \u00een universit\u0103\u021bi, lupta cu plagierea ca fraud\u0103 universitar\u0103, succes \u0219i leadership \u00een \u00eenv\u0103\u021b\u0103m\u00e2ntul superior, sus\u021binerea unor specialit\u0103\u021bi principiale pentru sistemul educa\u021bional, crearea unor asocia\u021bii ale absolven\u021bilor care \u0219i-ar putea \u00eemp\u0103rt\u0103\u0219i experien\u021ba profesional\u0103 cu tinerii afla\u021bi la \u00eenceputul carierei lor etc. Liliana Nicol\u0103escu-Onofrei \u0219i Marcela Adam au r\u0103spuns la \u00eentreb\u0103rile studen\u021bilor \u0219i ale corpului didactic, \u00eendemn\u00e2ndu-i, totodat\u0103, s\u0103 se implice \u00een crearea schimb\u0103rii, s\u0103 nu r\u0103m\u00e2n\u0103 indiferen\u021bi, s\u0103-\u0219i formeze competen\u021ba de a \u00eenv\u0103\u021ba pe parcursul \u00eentregii vie\u021bi pentru a putea reu\u0219i \u00een via\u021b\u0103 \u0219i s\u0103 depun\u0103 eforturi de a li se face auzit\u0103 vocea, altfel niciodat\u0103 nu vor fi f\u0103cute schimb\u0103rile pe care comunitatea academic\u0103 le consider\u0103 necesare.<\/p>\n<p><img loading=\"lazy\" decoding=\"async\" class=\"alignnone size-large wp-image-934\" src=\"https:\/\/75.usm.md\/wp-content\/uploads\/2021\/09\/24.09.2021-1-of-19-1024x683.jpg\" alt=\"\" width=\"910\" height=\"607\" srcset=\"https:\/\/75.usm.md\/wp-content\/uploads\/2021\/09\/24.09.2021-1-of-19-1024x683.jpg 1024w, https:\/\/75.usm.md\/wp-content\/uploads\/2021\/09\/24.09.2021-1-of-19-300x200.jpg 300w, https:\/\/75.usm.md\/wp-content\/uploads\/2021\/09\/24.09.2021-1-of-19-768x512.jpg 768w, https:\/\/75.usm.md\/wp-content\/uploads\/2021\/09\/24.09.2021-1-of-19-1536x1024.jpg 1536w, https:\/\/75.usm.md\/wp-content\/uploads\/2021\/09\/24.09.2021-1-of-19-2048x1365.jpg 2048w, https:\/\/75.usm.md\/wp-content\/uploads\/2021\/09\/24.09.2021-1-of-19-90x60.jpg 90w\" sizes=\"(max-width: 910px) 100vw, 910px\" \/><\/p>\n<p><img loading=\"lazy\" decoding=\"async\" class=\"alignnone size-full wp-image-935\" src=\"https:\/\/75.usm.md\/wp-content\/uploads\/2021\/09\/24.09.2021-6-of-19-scaled.jpg\" alt=\"\" width=\"2560\" height=\"1706\" srcset=\"https:\/\/75.usm.md\/wp-content\/uploads\/2021\/09\/24.09.2021-6-of-19-scaled.jpg 2560w, https:\/\/75.usm.md\/wp-content\/uploads\/2021\/09\/24.09.2021-6-of-19-300x200.jpg 300w, https:\/\/75.usm.md\/wp-content\/uploads\/2021\/09\/24.09.2021-6-of-19-1024x683.jpg 1024w, https:\/\/75.usm.md\/wp-content\/uploads\/2021\/09\/24.09.2021-6-of-19-768x512.jpg 768w, https:\/\/75.usm.md\/wp-content\/uploads\/2021\/09\/24.09.2021-6-of-19-1536x1024.jpg 1536w, https:\/\/75.usm.md\/wp-content\/uploads\/2021\/09\/24.09.2021-6-of-19-2048x1365.jpg 2048w, https:\/\/75.usm.md\/wp-content\/uploads\/2021\/09\/24.09.2021-6-of-19-90x60.jpg 90w\" sizes=\"(max-width: 2560px) 100vw, 2560px\" \/><\/p>\n<p><img loading=\"lazy\" decoding=\"async\" class=\"alignnone size-full wp-image-936\" src=\"https:\/\/75.usm.md\/wp-content\/uploads\/2021\/09\/24.09.2021-18-of-19-scaled.jpg\" alt=\"\" width=\"2560\" height=\"1707\" srcset=\"https:\/\/75.usm.md\/wp-content\/uploads\/2021\/09\/24.09.2021-18-of-19-scaled.jpg 2560w, https:\/\/75.usm.md\/wp-content\/uploads\/2021\/09\/24.09.2021-18-of-19-300x200.jpg 300w, https:\/\/75.usm.md\/wp-content\/uploads\/2021\/09\/24.09.2021-18-of-19-1024x683.jpg 1024w, https:\/\/75.usm.md\/wp-content\/uploads\/2021\/09\/24.09.2021-18-of-19-768x512.jpg 768w, https:\/\/75.usm.md\/wp-content\/uploads\/2021\/09\/24.09.2021-18-of-19-1536x1024.jpg 1536w, https:\/\/75.usm.md\/wp-content\/uploads\/2021\/09\/24.09.2021-18-of-19-2048x1365.jpg 2048w, https:\/\/75.usm.md\/wp-content\/uploads\/2021\/09\/24.09.2021-18-of-19-90x60.jpg 90w\" sizes=\"(max-width: 2560px) 100vw, 2560px\" \/><\/p>\n","protected":false},"excerpt":{"rendered":"<p>Aniversarea a 75-a a Universit\u0103\u021bii de Stat din Moldova este, implicit, \u0219i aniversarea a 75-a a Facult\u0103\u021bii de Litere, care se afl\u0103 printre structurile fondatoare ale Universit\u0103\u021bii, o prezen\u021b\u0103 de prestigiu \u00een \u00eenv\u0103\u021b\u0103m\u00e2ntul superior din domeniul \u0219tiin\u021belor filologice. Facultatea de Litere a avut un motto &hellip; <\/p>\n","protected":false},"author":1,"featured_media":937,"comment_status":"closed","ping_status":"closed","sticky":false,"template":"","format":"standard","meta":{"footnotes":""},"categories":[5],"tags":[],"_links":{"self":[{"href":"https:\/\/75.usm.md\/index.php?rest_route=\/wp\/v2\/posts\/933"}],"collection":[{"href":"https:\/\/75.usm.md\/index.php?rest_route=\/wp\/v2\/posts"}],"about":[{"href":"https:\/\/75.usm.md\/index.php?rest_route=\/wp\/v2\/types\/post"}],"author":[{"embeddable":true,"href":"https:\/\/75.usm.md\/index.php?rest_route=\/wp\/v2\/users\/1"}],"replies":[{"embeddable":true,"href":"https:\/\/75.usm.md\/index.php?rest_route=%2Fwp%2Fv2%2Fcomments&post=933"}],"version-history":[{"count":1,"href":"https:\/\/75.usm.md\/index.php?rest_route=\/wp\/v2\/posts\/933\/revisions"}],"predecessor-version":[{"id":938,"href":"https:\/\/75.usm.md\/index.php?rest_route=\/wp\/v2\/posts\/933\/revisions\/938"}],"wp:featuredmedia":[{"embeddable":true,"href":"https:\/\/75.usm.md\/index.php?rest_route=\/wp\/v2\/media\/937"}],"wp:attachment":[{"href":"https:\/\/75.usm.md\/index.php?rest_route=%2Fwp%2Fv2%2Fmedia&parent=933"}],"wp:term":[{"taxonomy":"category","embeddable":true,"href":"https:\/\/75.usm.md\/index.php?rest_route=%2Fwp%2Fv2%2Fcategories&post=933"},{"taxonomy":"post_tag","embeddable":true,"href":"https:\/\/75.usm.md\/index.php?rest_route=%2Fwp%2Fv2%2Ftags&post=933"}],"curies":[{"name":"wp","href":"https:\/\/api.w.org\/{rel}","templated":true}]}}