{"id":917,"date":"2021-09-27T16:21:05","date_gmt":"2021-09-27T13:21:05","guid":{"rendered":"https:\/\/75.usm.md\/?p=917"},"modified":"2021-09-27T16:21:22","modified_gmt":"2021-09-27T13:21:22","slug":"absolventii-facultatii-relatii-internationale-stiinte-politice-si-administrative-in-dialog-cu-studentii","status":"publish","type":"post","link":"https:\/\/75.usm.md\/?p=917","title":{"rendered":"Absolven\u021bii Facult\u0103\u021bii Rela\u021bii Interna\u021bionale, \u0218tiin\u021be Politice \u0219i Administrative \u2013 \u00een dialog cu studen\u021bii"},"content":{"rendered":"<p style=\"text-align: justify;\">\u00cen contextul celebr\u0103rii a 75 de ani de activitate a Universit\u0103\u021bii de Stat din Moldova \u0219i a 26 de ani de la fondarea Facult\u0103\u021bii Rela\u021bii Interna\u021bionale, \u0218tiin\u021be Politice \u0219i Administrative (FRI\u0218PA), la data de 27 septembrie 2021 \u00een cadrul Departamentului Rela\u021bii Interna\u021bionale, FRI\u0218PA, a avut loc o mas\u0103 rotund\u0103 a c\u0103rei invitat\u0103 a fost co-fondatoarea \u0219i coordonatoarea proiectului AO \u201ePrim\u0103ria mea\u201d, Cristina Voroneanu.<\/p>\n<p style=\"text-align: justify;\">Decanul facult\u0103\u021bii, conf. univ., dr., Alexandru Solcan, a men\u021bionat c\u0103 Universitatea de Stat din Moldova este una dintre cele mai prestigioase institu\u021bii de \u00eenv\u0103\u021b\u0103m\u00e2nt superior din Republica Moldova, iar a fi student la FRI\u0218PA este interesant, dar \u0219i extrem de necesar pentru formarea tinerilor speciali\u0219ti ai \u021b\u0103rii.<\/p>\n<p style=\"text-align: justify;\">Despre experien\u021bele tr\u0103ite la universitate au vorbit \u0219i fostele absolvente ale Facult\u0103\u021bii Rela\u021bii Interna\u021bionale, \u0218tiin\u021be Politice \u0219i Admnistrative, care la momentul de fa\u021b\u0103 activeaz\u0103 \u00een calitate de profesori la Departamentul Rela\u021bii Interna\u021bionale: dr., conf. univ., Cristina Ejov, \u0219ef Department Rela\u021bii Interna\u021bionale; dr., conf. univ., Veronica Rotaru \u0219i dr., lector univ., Carolina Budurina-Goreacii.<\/p>\n<p style=\"text-align: justify;\">\u00cen continuarea acestor idei, Cristina Voroneanu s-a referit la impresiile despre facultate, participarea sa la diverse programe \u00een timpul anilor de studen\u021bie, cum ar fi \u201eChallenger\u201d, stagiile de practic\u0103, precum \u0219i angajarea sa ulterioar\u0103 \u00een cadrul AO \u201ePrim\u0103ria mea\u201d. Totodat\u0103, Cristina Voroneanu a f\u0103cut conexiune dintre studiile ob\u021binute la FRI\u0218PA \u0219i locul s\u0103u actual de angajare, eviden\u021biind valoarea cuno\u0219tin\u021belor acumulate la universitate \u00een aplicarea lor practic\u0103. \u00a0\u00cen acest context, a oferit mai multe sfaturi \u0219i recomand\u0103ri practice pentru studen\u021bi atunci c\u00e2nd vor trebui s\u0103 aplice la un loc de munc\u0103. Iar combinarea armonioas\u0103 dintre studii \u0219i implicare \u00een activit\u0103\u021bi extracurriculare \u0219i de cercetare este important\u0103 \u0219i necesar\u0103 pentru proaspe\u021bii absolven\u021bi.<\/p>\n<p style=\"text-align: justify;\">Pentru a acumula experien\u021b\u0103, cuno\u0219tin\u021be \u0219i a deveni buni speciali\u0219i ai \u021b\u0103rii, Cristina Ejov, \u0219ef Departament Rela\u021bii Interna\u021bionale a enumerat unele oportunit\u0103\u021bi existente \u00een cadrul DRI, \u00een special proiectele care sunt implementate, despre centrele existente \u0219i activit\u0103\u021bile organizate de acestea pe parcursul anilor de studii, \u00eendemn\u00e2nd astfel studen\u021bii s\u0103 se implice c\u00e2t mai mult \u00een activit\u0103\u021bile extracurriculare \u0219i \u00een via\u021ba comunitar\u0103 a universit\u0103\u021bii.<\/p>\n<p><img loading=\"lazy\" decoding=\"async\" class=\"alignnone wp-image-918\" src=\"https:\/\/75.usm.md\/wp-content\/uploads\/2021\/09\/1-4.png\" alt=\"\" width=\"800\" height=\"450\" srcset=\"https:\/\/75.usm.md\/wp-content\/uploads\/2021\/09\/1-4.png 624w, https:\/\/75.usm.md\/wp-content\/uploads\/2021\/09\/1-4-300x170.png 300w, https:\/\/75.usm.md\/wp-content\/uploads\/2021\/09\/1-4-107x60.png 107w\" sizes=\"(max-width: 800px) 100vw, 800px\" \/><\/p>\n<p><img loading=\"lazy\" decoding=\"async\" class=\"alignnone wp-image-919\" src=\"https:\/\/75.usm.md\/wp-content\/uploads\/2021\/09\/2.png\" alt=\"\" width=\"798\" height=\"449\" srcset=\"https:\/\/75.usm.md\/wp-content\/uploads\/2021\/09\/2.png 624w, https:\/\/75.usm.md\/wp-content\/uploads\/2021\/09\/2-300x170.png 300w, https:\/\/75.usm.md\/wp-content\/uploads\/2021\/09\/2-107x60.png 107w\" sizes=\"(max-width: 798px) 100vw, 798px\" \/><\/p>\n<p><img loading=\"lazy\" decoding=\"async\" class=\"alignnone wp-image-920\" src=\"https:\/\/75.usm.md\/wp-content\/uploads\/2021\/09\/4.png\" alt=\"\" width=\"796\" height=\"448\" srcset=\"https:\/\/75.usm.md\/wp-content\/uploads\/2021\/09\/4.png 624w, https:\/\/75.usm.md\/wp-content\/uploads\/2021\/09\/4-300x170.png 300w, https:\/\/75.usm.md\/wp-content\/uploads\/2021\/09\/4-107x60.png 107w\" sizes=\"(max-width: 796px) 100vw, 796px\" \/><\/p>\n<p style=\"text-align: justify;\">\n","protected":false},"excerpt":{"rendered":"<p>\u00cen contextul celebr\u0103rii a 75 de ani de activitate a Universit\u0103\u021bii de Stat din Moldova \u0219i a 26 de ani de la fondarea Facult\u0103\u021bii Rela\u021bii Interna\u021bionale, \u0218tiin\u021be Politice \u0219i Administrative (FRI\u0218PA), la data de 27 septembrie 2021 \u00een cadrul Departamentului Rela\u021bii Interna\u021bionale, FRI\u0218PA, a avut &hellip; <\/p>\n","protected":false},"author":1,"featured_media":921,"comment_status":"closed","ping_status":"closed","sticky":false,"template":"","format":"standard","meta":{"footnotes":""},"categories":[5],"tags":[],"_links":{"self":[{"href":"https:\/\/75.usm.md\/index.php?rest_route=\/wp\/v2\/posts\/917"}],"collection":[{"href":"https:\/\/75.usm.md\/index.php?rest_route=\/wp\/v2\/posts"}],"about":[{"href":"https:\/\/75.usm.md\/index.php?rest_route=\/wp\/v2\/types\/post"}],"author":[{"embeddable":true,"href":"https:\/\/75.usm.md\/index.php?rest_route=\/wp\/v2\/users\/1"}],"replies":[{"embeddable":true,"href":"https:\/\/75.usm.md\/index.php?rest_route=%2Fwp%2Fv2%2Fcomments&post=917"}],"version-history":[{"count":1,"href":"https:\/\/75.usm.md\/index.php?rest_route=\/wp\/v2\/posts\/917\/revisions"}],"predecessor-version":[{"id":922,"href":"https:\/\/75.usm.md\/index.php?rest_route=\/wp\/v2\/posts\/917\/revisions\/922"}],"wp:featuredmedia":[{"embeddable":true,"href":"https:\/\/75.usm.md\/index.php?rest_route=\/wp\/v2\/media\/921"}],"wp:attachment":[{"href":"https:\/\/75.usm.md\/index.php?rest_route=%2Fwp%2Fv2%2Fmedia&parent=917"}],"wp:term":[{"taxonomy":"category","embeddable":true,"href":"https:\/\/75.usm.md\/index.php?rest_route=%2Fwp%2Fv2%2Fcategories&post=917"},{"taxonomy":"post_tag","embeddable":true,"href":"https:\/\/75.usm.md\/index.php?rest_route=%2Fwp%2Fv2%2Ftags&post=917"}],"curies":[{"name":"wp","href":"https:\/\/api.w.org\/{rel}","templated":true}]}}