{"id":752,"date":"2021-09-24T14:15:08","date_gmt":"2021-09-24T11:15:08","guid":{"rendered":"https:\/\/75.usm.md\/?p=752"},"modified":"2021-09-24T15:04:25","modified_gmt":"2021-09-24T12:04:25","slug":"la-universitatea-de-stat-din-moldova-a-fost-inaugurata-expozitia-robelor-purtate-de-celebrul-lingvist-roman-de-origine-basarabeana-eugeniu-coseriu","status":"publish","type":"post","link":"https:\/\/75.usm.md\/?p=752","title":{"rendered":"La Universitatea de Stat din Moldova a fost inaugurat\u0103 expozi\u021bia robelor purtate de celebrul lingvist rom\u00e2n de origine basarabean\u0103 Eugeniu Co\u0219eriu"},"content":{"rendered":"<p style=\"text-align: justify;\"><img loading=\"lazy\" decoding=\"async\" class=\"size-medium wp-image-777 alignleft\" src=\"https:\/\/75.usm.md\/wp-content\/uploads\/2021\/09\/4-sigla-DRRM-300x83.jpg\" alt=\"\" width=\"300\" height=\"83\" srcset=\"https:\/\/75.usm.md\/wp-content\/uploads\/2021\/09\/4-sigla-DRRM-300x83.jpg 300w, https:\/\/75.usm.md\/wp-content\/uploads\/2021\/09\/4-sigla-DRRM-216x60.jpg 216w, https:\/\/75.usm.md\/wp-content\/uploads\/2021\/09\/4-sigla-DRRM.jpg 500w\" sizes=\"(max-width: 300px) 100vw, 300px\" \/><img loading=\"lazy\" decoding=\"async\" class=\" wp-image-778 alignright\" src=\"https:\/\/75.usm.md\/wp-content\/uploads\/2021\/09\/1-logo-USM-1-150x150-1.jpg\" alt=\"\" width=\"94\" height=\"94\" srcset=\"https:\/\/75.usm.md\/wp-content\/uploads\/2021\/09\/1-logo-USM-1-150x150-1.jpg 150w, https:\/\/75.usm.md\/wp-content\/uploads\/2021\/09\/1-logo-USM-1-150x150-1-60x60.jpg 60w\" sizes=\"(max-width: 94px) 100vw, 94px\" \/>Ast\u0103zi, 24 septembrie 2021, \u00een Sala Senatului Universit\u0103\u021bii de Stat din Moldova, a fost inaugurat\u0103 expozi\u021bia robelor purtate de celebrul lingvist rom\u00e2n de origine basarabean\u0103 Eugeniu Co\u0219eriu cu ocazia conferirii titlului \u0219tiin\u021bific de <em>doctor honoris causa<\/em> la diverse universit\u0103\u021bi din Rom\u00e2nia \u0219i din lume.<\/p>\n<p style=\"text-align: justify;\">Vernisarea robelor profesorului Co\u0219eriu este un eveniment de excep\u021bie, care marcheaz\u0103 100 de ani de la na\u0219terea ilustrului lingvist, fiind una dintre manifest\u0103rile \u0219tiin\u021bifice \u0219i culturale desf\u0103\u0219urate \u00een cadrul Colocviului Interna\u021bional de \u0218tiin\u021be ale Limbajului \u201eEugeniu Co\u0219eriu\u201d (CISL), edi\u021bia a XVI-a, organizat \u00een parteneriat cu Universitatea Na\u021bional\u0103 \u201eYurii Fedkovici\u201d din Cern\u0103u\u021bi \u0219i Universitatea \u201e\u0218tefan cel Mare\u201d din Suceava, lucr\u0103rile c\u0103ruia se vor derula \u00een perioada 24-25 septembrie 2021 la Universitatea de Stat din Moldova.<\/p>\n<p style=\"text-align: justify;\">Dea lungul prodigioasei sale activit\u0103\u021bi \u0219tiin\u021bifice \u0219i profesorale, filologul, lingvistul \u0219i filosoful limbajului Eugeniu Co\u0219eriu (1921-2002) a fost membru de onoare al mai multor Academii de \u0218tiin\u021be \u0219i <em>Doctor Honoris Causa<\/em> a 40 de universit\u0103\u021bi din \u00eentreaga lume. Nou\u0103 dintre robele pe care marele nostru p\u0103m\u00e2ntean le-a \u00eembr\u0103cat cu aceast\u0103 onorabil\u0103 ocazie la Universitatea din Mendoza (Argentina), Universitatea din Granada (Spania), la universit\u0103\u021bile din Rom\u00e2nia (Pite\u0219ti, Timi\u0219oara, Gala\u021bi, Oradea, Constan\u021ba) \u0219i la Universitatea Pedagogic\u0103 de Stat \u201eIon Creang\u0103\u201d din Chi\u0219in\u0103u, sunt expuse ast\u0103zi la universitatea de Stat din Moldova.<\/p>\n<p style=\"text-align: justify;\">Vernisarea robelor \u201ecelui mai mare lingvist pe care l-a dat neamul rom\u00e2nesc omenirii\u201d a fost posibil\u0103 gra\u021bie dona\u021biei profesorului Johannes Kabatek de la Universitatea din Z\u00fcrich, Elve\u021bia, care \u0219i-a dorit, \u00een calitate de fondator \u0219i director al Arhivei Co\u0219eriu, ca aceste vestigii s\u0103 ajung\u0103 la Chi\u0219in\u0103u, \u00een \u201eBasarabia natal\u0103\u201d, care n-a \u00eencetat niciodat\u0103 s\u0103 fie \u00een centrul lumii spirituale a genialului lingvist. De asemenea, pre\u021biosul dar a ajuns la Universitatea de Stat din Moldova datorit\u0103 eforturilor doamnelor profesore Wiltrud Mihatsch \u0219i Nicole Feifel de la Universitatea din T\u00fcbingen, Germania, a doamnei profesor Sanda-Maria Ardeleanu de la Universitatea \u201e\u0218tefan cel Mare\u201d din Suceava, ale doamnei doctorande Cristina Bleor\u021bu de la Universitatea din Z\u00fcrich, precum \u0219i ale Excelen\u021bei Sale, domnul Oleg Serebrian, ambasador al Republicii Moldova \u00een Germania. Le mul\u021bumim tuturor \u0219i fiec\u0103ruia \u00een parte pentru aportul personal la organizarea \u0219i vernisarea acestei expozi\u021bii.<\/p>\n<p style=\"text-align: justify;\">La eveniment au participat reprezentan\u021bi ai mediului academic din \u021bar\u0103 \u0219i de peste hotare, filologi, critici \u0219i istorici literari, oameni de cultur\u0103, studen\u021bi, doctoranzi \u0219i reprezentan\u021bi media.<\/p>\n\n\t\t<div id='gallery-1' class='gallery galleryid-752 gallery-columns-5 gallery-size-thumbnail gallery1'><script type=\"text\/javascript\">\r\n\/\/ <![CDATA[\r\n\tjQuery(document).ready(function () {\r\n\t\tjQuery(\".gallery1 a\").attr(\"rel\",\"gallery1\");\t\r\n\t\tjQuery('a[rel=\"gallery1\"]').colorbox({maxWidth:\"95%\", maxHeight:\"95%\",title: function(){ return jQuery(this).children().attr(\"alt\"); }, });\r\n\t});\r\n\/\/ ]]>\r\n<\/script>\n\r\n\t\t\t<style type=\"text\/css\">\r\n\t\t\t\t#cboxCurrent { display:none !important; }\r\n\t\t\t<\/style>\n<figure class=\"gallery-item\">\n<div class=\"gallery-icon\">\r\n<a href=\"https:\/\/75.usm.md\/wp-content\/uploads\/2021\/09\/robe_1-1024x576.jpg\" title=\"\" rel=\"gallery1\"><img loading=\"lazy\" decoding=\"async\" src=\"https:\/\/75.usm.md\/wp-content\/uploads\/2021\/09\/robe_1-150x150.jpg\" width=\"150\" height=\"150\" alt=\"\" \/><\/a>\r\n<\/div><\/figure><figure class=\"gallery-item\">\n<div class=\"gallery-icon\">\r\n<a href=\"https:\/\/75.usm.md\/wp-content\/uploads\/2021\/09\/robe_2-1024x576.jpg\" title=\"\" rel=\"gallery1\"><img loading=\"lazy\" decoding=\"async\" src=\"https:\/\/75.usm.md\/wp-content\/uploads\/2021\/09\/robe_2-150x150.jpg\" width=\"150\" height=\"150\" alt=\"\" \/><\/a>\r\n<\/div><\/figure>\r\n\t\t<\/div>\n\n","protected":false},"excerpt":{"rendered":"<p>Ast\u0103zi, 24 septembrie 2021, \u00een Sala Senatului Universit\u0103\u021bii de Stat din Moldova, a fost inaugurat\u0103 expozi\u021bia robelor purtate de celebrul lingvist rom\u00e2n de origine basarabean\u0103 Eugeniu Co\u0219eriu cu ocazia conferirii titlului \u0219tiin\u021bific de doctor honoris causa la diverse universit\u0103\u021bi din Rom\u00e2nia \u0219i din lume. Vernisarea &hellip; <\/p>\n","protected":false},"author":1,"featured_media":753,"comment_status":"closed","ping_status":"closed","sticky":false,"template":"","format":"standard","meta":{"footnotes":""},"categories":[5],"tags":[],"_links":{"self":[{"href":"https:\/\/75.usm.md\/index.php?rest_route=\/wp\/v2\/posts\/752"}],"collection":[{"href":"https:\/\/75.usm.md\/index.php?rest_route=\/wp\/v2\/posts"}],"about":[{"href":"https:\/\/75.usm.md\/index.php?rest_route=\/wp\/v2\/types\/post"}],"author":[{"embeddable":true,"href":"https:\/\/75.usm.md\/index.php?rest_route=\/wp\/v2\/users\/1"}],"replies":[{"embeddable":true,"href":"https:\/\/75.usm.md\/index.php?rest_route=%2Fwp%2Fv2%2Fcomments&post=752"}],"version-history":[{"count":2,"href":"https:\/\/75.usm.md\/index.php?rest_route=\/wp\/v2\/posts\/752\/revisions"}],"predecessor-version":[{"id":779,"href":"https:\/\/75.usm.md\/index.php?rest_route=\/wp\/v2\/posts\/752\/revisions\/779"}],"wp:featuredmedia":[{"embeddable":true,"href":"https:\/\/75.usm.md\/index.php?rest_route=\/wp\/v2\/media\/753"}],"wp:attachment":[{"href":"https:\/\/75.usm.md\/index.php?rest_route=%2Fwp%2Fv2%2Fmedia&parent=752"}],"wp:term":[{"taxonomy":"category","embeddable":true,"href":"https:\/\/75.usm.md\/index.php?rest_route=%2Fwp%2Fv2%2Fcategories&post=752"},{"taxonomy":"post_tag","embeddable":true,"href":"https:\/\/75.usm.md\/index.php?rest_route=%2Fwp%2Fv2%2Ftags&post=752"}],"curies":[{"name":"wp","href":"https:\/\/api.w.org\/{rel}","templated":true}]}}