{"id":744,"date":"2021-09-24T13:31:01","date_gmt":"2021-09-24T10:31:01","guid":{"rendered":"https:\/\/75.usm.md\/?p=744"},"modified":"2021-09-24T15:05:13","modified_gmt":"2021-09-24T12:05:13","slug":"filologi-din-sase-tari-s-au-intrunit-la-cea-de-a-xvi-a-editie-a-colocviului-international-de-stiinte-ale-limbajului-eugeniu-coseriu-organizat-de-universitatea-de-stat-din-moldova","status":"publish","type":"post","link":"https:\/\/75.usm.md\/?p=744","title":{"rendered":"FILOLOGI DIN \u0218ASE \u021a\u0102RI S-AU \u00ceNTRUNIT LA CEA DE A XVI-A EDI\u021aIE A COLOCVIULUI INTERNA\u0162IONAL DE \u015eTIIN\u0162E ALE LIMBAJULUI \u201eEUGENIU CO\u015eERIU\u201d ORGANIZAT DE UNIVERSITATEA DE STAT DIN MOLDOVA"},"content":{"rendered":"<p style=\"text-align: justify;\"><span style=\"font-weight: 400;\"><img loading=\"lazy\" decoding=\"async\" class=\"size-medium wp-image-777 alignleft\" src=\"https:\/\/75.usm.md\/wp-content\/uploads\/2021\/09\/4-sigla-DRRM-300x83.jpg\" alt=\"\" width=\"300\" height=\"83\" srcset=\"https:\/\/75.usm.md\/wp-content\/uploads\/2021\/09\/4-sigla-DRRM-300x83.jpg 300w, https:\/\/75.usm.md\/wp-content\/uploads\/2021\/09\/4-sigla-DRRM-216x60.jpg 216w, https:\/\/75.usm.md\/wp-content\/uploads\/2021\/09\/4-sigla-DRRM.jpg 500w\" sizes=\"(max-width: 300px) 100vw, 300px\" \/><img loading=\"lazy\" decoding=\"async\" class=\" wp-image-778 alignright\" src=\"https:\/\/75.usm.md\/wp-content\/uploads\/2021\/09\/1-logo-USM-1-150x150-1.jpg\" alt=\"\" width=\"100\" height=\"100\" srcset=\"https:\/\/75.usm.md\/wp-content\/uploads\/2021\/09\/1-logo-USM-1-150x150-1.jpg 150w, https:\/\/75.usm.md\/wp-content\/uploads\/2021\/09\/1-logo-USM-1-150x150-1-60x60.jpg 60w\" sizes=\"(max-width: 100px) 100vw, 100px\" \/>\u00cen cadrul Universit\u0103\u021bii de Stat din Moldova se desf\u0103\u0219oar\u0103 COLOCVIUL INTERNA\u0162IONAL DE \u015eTIIN\u0162E ALE LIMBAJULUI \u201eEUGENIU CO\u015eERIU\u201d (CISL). Edi\u021bia din anul curent, a XVI-a la num\u0103r, este consacrat\u0103 comemor\u0103rii a 100 de ani de la na\u0219terea marelui filolog Eugeniu Co\u0219eriu \u0219i are drept slogan celebra afirma\u021bie co\u0219erian\u0103 \u201eLimbajul constituie construc\u021bia lumii proprii \u0219i specifice a omului ca fiin\u021b\u0103 g\u00e2nditoare\u201d. Colocviul este organizat de Universitatea de Stat din Moldova \u00eempreun\u0103 cu Universitatea \u201e\u015etefan cel Mare\u201d, Suceava, Rom\u00e2nia \u0219i cu Universitatea Na\u0163ional\u0103 \u201eYurii Fedkovici\u201d, Cern\u0103u\u0163i, Ucraina. Acest proiect este realizat cu sprijinul Departamentului pentru Rela\u021bia cu Republica Moldova. Partenerii proiectului sunt Muzeul Na\u021bional de Literatur\u0103 \u201eMihail Kog\u0103lniceanu\u201d \u0219i Institutul Cultural Rom\u00e2n \u201eMihai Eminescu\u201d din Chi\u0219in\u0103u.\u00a0<\/span><\/p>\n<p style=\"text-align: justify;\"><span style=\"font-weight: 400;\">\u0218edin\u021ba de inaugurare a fost deschis\u0103 de rectorul Universit\u0103\u021bii de Stat din Moldova dr., conf. univ. Igor \u0218arov, care \u00een cuv\u00e2ntul s\u0103u de salut a men\u021bionat c\u0103 anul 2021 este unul omagial \u0219i pentru USM, iar Colocviul se \u00eenscrie perfect \u00een \u0219irul evenimentelor reunite sub genericul centenarului Eugeniu Co\u0219eriu \u0219i ale celor care marcheaz\u0103 aniversarea a 75-a USM. \u00cen alocu\u021biunea sa rectorul USM a mai subliniat c\u0103 acest colocviu este un prilej excep\u021bional de a-i aduce un respectuos omagiu celui care a marcat prin \u00eentreaga sa oper\u0103 genera\u021bii de cercet\u0103tori din cele mai diverse spa\u021bii ale Europei \u0219i Americii.\u00a0<\/span><\/p>\n<p style=\"text-align: justify;\"><span style=\"font-weight: 400;\">Cu un mesaj de salut din partea Ministerului Educa\u021biei \u0219i Cercet\u0103rii a venit Secretarul de Stat Adriana Cazacu, dr. conf. univ., care s-a referit la Eugeniu <\/span><span style=\"font-weight: 400;\">Co\u0219eriu &#8211; omul universal, care, de\u0219i \u0219i-a scris opera lingvistic\u0103 \u00een sec XX, apar\u021bine sec. XXI. De asemenea, a amintit de vizita magistrului la Chi\u0219in\u0103u \u00een anul 1993, c\u00e2nd a cucerit comunitatea academic\u0103 prin profunzimea interpret\u0103rilor sale lingvistice. Doamna Secretar de Stat a transmis publicului decizia Consiliului profesoral al Facult\u0103\u021bii de Litere de a ini\u021bia deschiderea \u00een cadrul facult\u0103\u021bii a unui centru \u0219tiin\u021bific care va purta numele lui Eugeniu Co\u0219eriu.<\/span><\/p>\n<p style=\"text-align: justify;\"><span style=\"font-weight: 400;\">Secretarul de Stat al Departamentului pentru Rela\u021bia cu Republica Moldova Adrian Dupu a<\/span><span style=\"font-weight: 400;\"> subliniat c\u0103 acest colocviu reprezint\u0103 o bun\u0103 ocazie de a \u00eent\u0103ri angajamentul Rom\u00e2niei \u00een sus\u021binerea \u0219i derularea proiectelor culturale \u0219i educative din Republica Moldova.<\/span><\/p>\n<p style=\"text-align: justify;\"><span style=\"font-weight: 400;\">Un omagiu emo\u021bionant a fost adus marelui lingvist de fondatorul colocviului prof. univ., Doctor honoris causa al USM Sanda Maria Ardeleanu, Universitatea ,,\u0218tefan cel Mare\u201d din Suceava \u0219i de <\/span><span style=\"font-weight: 400;\">prof. Mircea A. Diaconu<\/span><span style=\"font-weight: 400;\">, <\/span><span style=\"font-weight: 400;\">prorectorul<\/span><span style=\"font-weight: 400;\"> Universit\u0103\u021bii<\/span><span style=\"font-weight: 400;\"> ,,\u0218tefan cel Mare\u201d din Suceava.<\/span><span style=\"font-weight: 400;\">\u00a0<\/span><\/p>\n<p style=\"text-align: justify;\"><span style=\"font-weight: 400;\">Cu mesaje de salut pentru participan\u021bi au venit \u0219i partenerii colocviului: academicianul Valeriu Matei, directorul Institutului Cultural Rom\u00e2n \u201eMihai Eminescu\u201d din Chi\u0219in\u0103u, dr. hab. conf. univ. Maria \u0218leahti\u021bchi, directorul Muzeului Na\u021bional de Literatur\u0103 \u201eMihail Kog\u0103lniceanu\u201d. \u00cen discursul s\u0103u, Valeriu Matei s<\/span><span style=\"font-weight: 400;\">-a referit la Eugen Co\u0219eriu &#8211; omul cu o biografie-legend\u0103 pe care l-a cunoscut personal \u0219i la omul cu o con\u0219tiin\u021b\u0103 civic\u0103 deosebit\u0103 care regreta c\u0103 a f\u0103cut prea pu\u021bin pentru prosperarea culturii din Basarabia.<\/span><\/p>\n<p style=\"text-align: justify;\"><span style=\"font-weight: 400;\">Dup\u0103 inaugurarea evenimentului, urmeaz\u0103 o \u0219edin\u021b\u0103 \u00een plen la care sunt a\u0219tepta\u021bi cu discursuri filologi din diferite \u021b\u0103ri: Elve\u021bia, Fran\u021ba, Rom\u00e2nia, Senegal. Lucr\u0103rile conferin\u021bei, la care se \u00eentrunesc peste 100 de membri ai comunit\u0103\u021bii academice, savan\u021bi din mai multe \u021b\u0103ri europene, se vor desf\u0103\u0219ura timp de dou\u0103 zile.<\/span><\/p>\n<p>&nbsp;<\/p>\n\n\t\t<div id='gallery-1' class='gallery galleryid-744 gallery-columns-5 gallery-size-thumbnail gallery1'><script type=\"text\/javascript\">\r\n\/\/ <![CDATA[\r\n\tjQuery(document).ready(function () {\r\n\t\tjQuery(\".gallery1 a\").attr(\"rel\",\"gallery1\");\t\r\n\t\tjQuery('a[rel=\"gallery1\"]').colorbox({maxWidth:\"95%\", maxHeight:\"95%\",title: function(){ return jQuery(this).children().attr(\"alt\"); }, });\r\n\t});\r\n\/\/ ]]>\r\n<\/script>\n\r\n\t\t\t<style type=\"text\/css\">\r\n\t\t\t\t#cboxCurrent { display:none !important; }\r\n\t\t\t<\/style>\n<figure class=\"gallery-item\">\n<div class=\"gallery-icon\">\r\n<a href=\"https:\/\/75.usm.md\/wp-content\/uploads\/2021\/09\/24.09.2021-29-of-30-1024x683.jpg\" title=\"\" rel=\"gallery1\"><img loading=\"lazy\" decoding=\"async\" src=\"https:\/\/75.usm.md\/wp-content\/uploads\/2021\/09\/24.09.2021-29-of-30-150x150.jpg\" width=\"150\" height=\"150\" alt=\"\" \/><\/a>\r\n<\/div><\/figure><figure class=\"gallery-item\">\n<div class=\"gallery-icon\">\r\n<a href=\"https:\/\/75.usm.md\/wp-content\/uploads\/2021\/09\/24.09.2021-3-of-30-1024x683.jpg\" title=\"\" rel=\"gallery1\"><img loading=\"lazy\" decoding=\"async\" src=\"https:\/\/75.usm.md\/wp-content\/uploads\/2021\/09\/24.09.2021-3-of-30-150x150.jpg\" width=\"150\" height=\"150\" alt=\"\" \/><\/a>\r\n<\/div><\/figure><figure class=\"gallery-item\">\n<div class=\"gallery-icon\">\r\n<a href=\"https:\/\/75.usm.md\/wp-content\/uploads\/2021\/09\/24.09.2021-26-of-30-1024x683.jpg\" title=\"\" rel=\"gallery1\"><img loading=\"lazy\" decoding=\"async\" src=\"https:\/\/75.usm.md\/wp-content\/uploads\/2021\/09\/24.09.2021-26-of-30-150x150.jpg\" width=\"150\" height=\"150\" alt=\"\" \/><\/a>\r\n<\/div><\/figure><figure class=\"gallery-item\">\n<div class=\"gallery-icon\">\r\n<a href=\"https:\/\/75.usm.md\/wp-content\/uploads\/2021\/09\/24.09.2021-11-of-30-1024x683.jpg\" title=\"\" rel=\"gallery1\"><img loading=\"lazy\" decoding=\"async\" src=\"https:\/\/75.usm.md\/wp-content\/uploads\/2021\/09\/24.09.2021-11-of-30-150x150.jpg\" width=\"150\" height=\"150\" alt=\"\" \/><\/a>\r\n<\/div><\/figure><figure class=\"gallery-item\">\n<div class=\"gallery-icon\">\r\n<a href=\"https:\/\/75.usm.md\/wp-content\/uploads\/2021\/09\/24.09.2021-25-of-30-1024x683.jpg\" title=\"\" rel=\"gallery1\"><img loading=\"lazy\" decoding=\"async\" src=\"https:\/\/75.usm.md\/wp-content\/uploads\/2021\/09\/24.09.2021-25-of-30-150x150.jpg\" width=\"150\" height=\"150\" alt=\"\" \/><\/a>\r\n<\/div><\/figure><figure class=\"gallery-item\">\n<div class=\"gallery-icon\">\r\n<a href=\"https:\/\/75.usm.md\/wp-content\/uploads\/2021\/09\/24.09.2021-12-of-30-1024x683.jpg\" title=\"\" rel=\"gallery1\"><img loading=\"lazy\" decoding=\"async\" src=\"https:\/\/75.usm.md\/wp-content\/uploads\/2021\/09\/24.09.2021-12-of-30-150x150.jpg\" width=\"150\" height=\"150\" alt=\"\" \/><\/a>\r\n<\/div><\/figure><figure class=\"gallery-item\">\n<div class=\"gallery-icon\">\r\n<a href=\"https:\/\/75.usm.md\/wp-content\/uploads\/2021\/09\/24.09.2021-8-of-30-1024x683.jpg\" title=\"\" rel=\"gallery1\"><img loading=\"lazy\" decoding=\"async\" src=\"https:\/\/75.usm.md\/wp-content\/uploads\/2021\/09\/24.09.2021-8-of-30-150x150.jpg\" width=\"150\" height=\"150\" alt=\"\" \/><\/a>\r\n<\/div><\/figure><figure class=\"gallery-item\">\n<div class=\"gallery-icon\">\r\n<a href=\"https:\/\/75.usm.md\/wp-content\/uploads\/2021\/09\/24.09.2021-6-of-30-1024x683.jpg\" title=\"\" rel=\"gallery1\"><img loading=\"lazy\" decoding=\"async\" src=\"https:\/\/75.usm.md\/wp-content\/uploads\/2021\/09\/24.09.2021-6-of-30-150x150.jpg\" width=\"150\" height=\"150\" alt=\"\" \/><\/a>\r\n<\/div><\/figure><figure class=\"gallery-item\">\n<div class=\"gallery-icon\">\r\n<a href=\"https:\/\/75.usm.md\/wp-content\/uploads\/2021\/09\/24.09.2021-10-of-30-1024x683.jpg\" title=\"\" rel=\"gallery1\"><img loading=\"lazy\" decoding=\"async\" src=\"https:\/\/75.usm.md\/wp-content\/uploads\/2021\/09\/24.09.2021-10-of-30-150x150.jpg\" width=\"150\" height=\"150\" alt=\"\" \/><\/a>\r\n<\/div><\/figure><figure class=\"gallery-item\">\n<div class=\"gallery-icon\">\r\n<a href=\"https:\/\/75.usm.md\/wp-content\/uploads\/2021\/09\/24.09.2021-16-of-30-1024x683.jpg\" title=\"\" rel=\"gallery1\"><img loading=\"lazy\" decoding=\"async\" src=\"https:\/\/75.usm.md\/wp-content\/uploads\/2021\/09\/24.09.2021-16-of-30-150x150.jpg\" width=\"150\" height=\"150\" alt=\"\" \/><\/a>\r\n<\/div><\/figure><figure class=\"gallery-item\">\n<div class=\"gallery-icon\">\r\n<a href=\"https:\/\/75.usm.md\/wp-content\/uploads\/2021\/09\/24.09.2021-27-of-30-1024x683.jpg\" title=\"\" rel=\"gallery1\"><img loading=\"lazy\" decoding=\"async\" src=\"https:\/\/75.usm.md\/wp-content\/uploads\/2021\/09\/24.09.2021-27-of-30-150x150.jpg\" width=\"150\" height=\"150\" alt=\"\" \/><\/a>\r\n<\/div><\/figure><figure class=\"gallery-item\">\n<div class=\"gallery-icon\">\r\n<a href=\"https:\/\/75.usm.md\/wp-content\/uploads\/2021\/09\/24.09.2021-18-of-30-1024x683.jpg\" title=\"\" rel=\"gallery1\"><img loading=\"lazy\" decoding=\"async\" src=\"https:\/\/75.usm.md\/wp-content\/uploads\/2021\/09\/24.09.2021-18-of-30-150x150.jpg\" width=\"150\" height=\"150\" alt=\"\" \/><\/a>\r\n<\/div><\/figure><figure class=\"gallery-item\">\n<div class=\"gallery-icon\">\r\n<a href=\"https:\/\/75.usm.md\/wp-content\/uploads\/2021\/09\/24.09.2021-5-of-30-1024x683.jpg\" title=\"\" rel=\"gallery1\"><img loading=\"lazy\" decoding=\"async\" src=\"https:\/\/75.usm.md\/wp-content\/uploads\/2021\/09\/24.09.2021-5-of-30-150x150.jpg\" width=\"150\" height=\"150\" alt=\"\" \/><\/a>\r\n<\/div><\/figure><figure class=\"gallery-item\">\n<div class=\"gallery-icon\">\r\n<a href=\"https:\/\/75.usm.md\/wp-content\/uploads\/2021\/09\/24.09.2021-28-of-30-1024x683.jpg\" title=\"\" rel=\"gallery1\"><img loading=\"lazy\" decoding=\"async\" src=\"https:\/\/75.usm.md\/wp-content\/uploads\/2021\/09\/24.09.2021-28-of-30-150x150.jpg\" width=\"150\" height=\"150\" alt=\"\" \/><\/a>\r\n<\/div><\/figure><figure class=\"gallery-item\">\n<div class=\"gallery-icon\">\r\n<a href=\"https:\/\/75.usm.md\/wp-content\/uploads\/2021\/09\/24.09.2021-9-of-30-1024x683.jpg\" title=\"\" rel=\"gallery1\"><img loading=\"lazy\" decoding=\"async\" src=\"https:\/\/75.usm.md\/wp-content\/uploads\/2021\/09\/24.09.2021-9-of-30-150x150.jpg\" width=\"150\" height=\"150\" alt=\"\" \/><\/a>\r\n<\/div><\/figure><figure class=\"gallery-item\">\n<div class=\"gallery-icon\">\r\n<a href=\"https:\/\/75.usm.md\/wp-content\/uploads\/2021\/09\/24.09.2021-17-of-30-1024x683.jpg\" title=\"\" rel=\"gallery1\"><img loading=\"lazy\" decoding=\"async\" src=\"https:\/\/75.usm.md\/wp-content\/uploads\/2021\/09\/24.09.2021-17-of-30-150x150.jpg\" width=\"150\" height=\"150\" alt=\"\" \/><\/a>\r\n<\/div><\/figure><figure class=\"gallery-item\">\n<div class=\"gallery-icon\">\r\n<a href=\"https:\/\/75.usm.md\/wp-content\/uploads\/2021\/09\/24.09.2021-1-of-30-683x1024.jpg\" title=\"\" rel=\"gallery1\"><img loading=\"lazy\" decoding=\"async\" src=\"https:\/\/75.usm.md\/wp-content\/uploads\/2021\/09\/24.09.2021-1-of-30-150x150.jpg\" width=\"150\" height=\"150\" alt=\"\" \/><\/a>\r\n<\/div><\/figure><figure class=\"gallery-item\">\n<div class=\"gallery-icon\">\r\n<a href=\"https:\/\/75.usm.md\/wp-content\/uploads\/2021\/09\/24.09.2021-30-of-30-1024x683.jpg\" title=\"\" rel=\"gallery1\"><img loading=\"lazy\" decoding=\"async\" src=\"https:\/\/75.usm.md\/wp-content\/uploads\/2021\/09\/24.09.2021-30-of-30-150x150.jpg\" width=\"150\" height=\"150\" alt=\"\" \/><\/a>\r\n<\/div><\/figure><figure class=\"gallery-item\">\n<div class=\"gallery-icon\">\r\n<a href=\"https:\/\/75.usm.md\/wp-content\/uploads\/2021\/09\/24.09.2021-14-of-30-1024x683.jpg\" title=\"\" rel=\"gallery1\"><img loading=\"lazy\" decoding=\"async\" src=\"https:\/\/75.usm.md\/wp-content\/uploads\/2021\/09\/24.09.2021-14-of-30-150x150.jpg\" width=\"150\" height=\"150\" alt=\"\" \/><\/a>\r\n<\/div><\/figure>\r\n\t\t<\/div>\n\n","protected":false},"excerpt":{"rendered":"<p>\u00cen cadrul Universit\u0103\u021bii de Stat din Moldova se desf\u0103\u0219oar\u0103 COLOCVIUL INTERNA\u0162IONAL DE \u015eTIIN\u0162E ALE LIMBAJULUI \u201eEUGENIU CO\u015eERIU\u201d (CISL). Edi\u021bia din anul curent, a XVI-a la num\u0103r, este consacrat\u0103 comemor\u0103rii a 100 de ani de la na\u0219terea marelui filolog Eugeniu Co\u0219eriu \u0219i are drept slogan celebra &hellip; <\/p>\n","protected":false},"author":1,"featured_media":715,"comment_status":"closed","ping_status":"closed","sticky":false,"template":"","format":"standard","meta":{"footnotes":""},"categories":[5],"tags":[],"_links":{"self":[{"href":"https:\/\/75.usm.md\/index.php?rest_route=\/wp\/v2\/posts\/744"}],"collection":[{"href":"https:\/\/75.usm.md\/index.php?rest_route=\/wp\/v2\/posts"}],"about":[{"href":"https:\/\/75.usm.md\/index.php?rest_route=\/wp\/v2\/types\/post"}],"author":[{"embeddable":true,"href":"https:\/\/75.usm.md\/index.php?rest_route=\/wp\/v2\/users\/1"}],"replies":[{"embeddable":true,"href":"https:\/\/75.usm.md\/index.php?rest_route=%2Fwp%2Fv2%2Fcomments&post=744"}],"version-history":[{"count":4,"href":"https:\/\/75.usm.md\/index.php?rest_route=\/wp\/v2\/posts\/744\/revisions"}],"predecessor-version":[{"id":780,"href":"https:\/\/75.usm.md\/index.php?rest_route=\/wp\/v2\/posts\/744\/revisions\/780"}],"wp:featuredmedia":[{"embeddable":true,"href":"https:\/\/75.usm.md\/index.php?rest_route=\/wp\/v2\/media\/715"}],"wp:attachment":[{"href":"https:\/\/75.usm.md\/index.php?rest_route=%2Fwp%2Fv2%2Fmedia&parent=744"}],"wp:term":[{"taxonomy":"category","embeddable":true,"href":"https:\/\/75.usm.md\/index.php?rest_route=%2Fwp%2Fv2%2Fcategories&post=744"},{"taxonomy":"post_tag","embeddable":true,"href":"https:\/\/75.usm.md\/index.php?rest_route=%2Fwp%2Fv2%2Ftags&post=744"}],"curies":[{"name":"wp","href":"https:\/\/api.w.org\/{rel}","templated":true}]}}