{"id":647,"date":"2021-09-24T11:28:43","date_gmt":"2021-09-24T08:28:43","guid":{"rendered":"https:\/\/75.usm.md\/?p=647"},"modified":"2021-09-24T16:40:17","modified_gmt":"2021-09-24T13:40:17","slug":"universitatea-de-stat-din-moldova-celebreaza-75-de-ani-de-la-fondare-prin-organizarea-mai-multor-activitati-educationale-stiintifice-si-culturale","status":"publish","type":"post","link":"https:\/\/75.usm.md\/?p=647","title":{"rendered":"Universitatea de Stat din Moldova celebreaz\u0103 75 de ani de la fondare prin organizarea mai multor activit\u0103\u021bi educa\u021bionale, \u0219tiin\u021bifice \u0219i culturale"},"content":{"rendered":"<p style=\"text-align: justify;\">Universitatea de Stat din Moldova (USM) continu\u0103 s\u0103-\u0219i scrie istoria! La 1 octombrie 2021, USM aniverseaz\u0103 75 de ani de la fondare. Evenimentul va fi celebrat prin organizarea mai multor activit\u0103\u021bi educa\u021bionale, \u0219tiin\u021bifice \u0219i culturale, \u00een perioada 24 septembrie \u2013 11 noiembrie.<\/p>\n<p style=\"text-align: justify;\">Suita activit\u0103\u021bilor va fi inaugurat\u0103 de lansarea unui site aniversar consacrat celor 75 de ani de la fondarea celei mai mari institu\u021bii de \u00eenv\u0103\u021b\u0103m\u00e2nt superior din Republica Moldova. Site-ul va con\u021bine informa\u021bii despre istoria, rectorii, Doctorii Honoris Causa, absolven\u021bii de succes ai USM. O rubric\u0103 va fi dedicat\u0103 mesajelor de felicitare.<\/p>\n<p style=\"text-align: justify;\">\u00cen perioada 24-25 septembrie, Facultatea de Litere a USM, \u00een colaborare cu Universitatea Na\u0163ional\u0103 \u201eYurii Fedkovici\u201d, Cern\u0103u\u0163i, Ucraina, \u0219i cu Universitatea \u201e\u015etefan cel Mare\u201d, Suceava, Rom\u00e2nia, cu sus\u021binerea financiar\u0103 a Departamentului pentru Rela\u021bia cu Republica Moldova organizeaz\u0103 Colocviul Interna\u0163ional de \u015etiin\u0163e ale Limbajului \u201eEugeniu Co\u015feriu\u201d (CISL). Membrii Comitetului \u0219tiin\u021bific \u0219i de organizare au planificat cinci ateliere, care cuprind o vast\u0103 tematic\u0103 de cercetare, abordate \u00eentr-o m\u0103sur\u0103 mai mare sau mai mic\u0103 de ilustrul savant E. Co\u0219eriu.<\/p>\n<p style=\"text-align: justify;\">De asemenea, studen\u021bii Facult\u0103\u021bii de Litere vor discuta despre tendin\u021bele actuale \u00een \u00eenv\u0103\u021b\u0103m\u00e2ntul superior din Republica Moldova cu absolven\u021bii Facult\u0103\u021bii de Litere, Liliana Nicolaescu-Onofrei, Pre\u0219edintele comisiei parlamentare cultur\u0103, educa\u021bie, tineret, sport \u0219i mass-media \u0219i Marcela Adam, secretarul aceleia\u0219i comisii.<\/p>\n<p style=\"text-align: justify;\">Vineri, 1 octombrie, va avea loc \u0219edin\u021ba solemn\u0103 dedicat\u0103 anivers\u0103rii a 75 de ani de la fondarea Universit\u0103\u021bii de Stat din Moldova. Evenimentul va fi transmis \u00een direct de c\u0103tre Realitatea.Live \u0219i Privesc.eu. \u00cen cadrul ceremoniei va fi lansat de c\u0103tre \u00ce.S. \u201ePo\u0219ta Moldovei\u201d plicul po\u0219tal cu marc\u0103 fix\u0103 \u201eUniversitatea de Stat din Moldova \u2013 75 de ani de la fondare\u201d, care va fi pus \u00een circula\u021bie \u00eencep\u00e2nd cu 1 octombrie 2021.<\/p>\n<p style=\"text-align: justify;\">\u00cen perioada 24 septembrie \u2013 11 noiembrie, \u00a0vor fi organizate mai multe activit\u0103\u021bi \u0219tiin\u021bifice na\u021bionale \u0219i interna\u021bionale precum: Conferin\u021ba \u0219tiin\u021bific\u0103 interna\u021bional\u0103 \u201eMass-media \u00een postcomunism: mo\u0219tenire,evolu\u021bie, tendin\u021be\u201d, (Facultatea de Jurnalism \u0219i \u0218tiin\u021be ale Comunic\u0103rii); Conferin\u021b\u0103 \u0219tiin\u021bific\u0103 na\u021bional\u0103 cu participare interna\u021bional\u0103 \u201eIntelectualitatea rom\u00e2n\u0103 \u00eentre ideologie, libertatea academic\u0103 \u015fi na\u021bionalism\u201d, (Facultatea de Istorie \u0219i Filosofie); Conferin\u0163a \u015ftiin\u0163ifico-practic\u0103 na\u0163ional\u0103 ,,Reabilitarea victimelor infrac\u021biunii\u201d, (Facultatea de Drept); Conferin\u021b\u0103 \u015ftiin\u0163ific\u0103 na\u021bional\u0103 cu participare interna\u021bional\u0103 \u201eIntegrare prin Cercetare \u015fi Inovare\u201d, (Institutul de Cercetare \u0219i Inovare); Seminarul interna\u021bional \u201ePsihologia aplicat\u0103 \u00een contextul schimb\u0103rilor societale\u201d, (Facultatea de Psihologie \u015fi \u015etiin\u0163e ale Educa\u0163iei, Sociologe \u0219i Asisten\u021b\u0103 Social\u0103); Simpozionul \u0218tiin\u021bifico-Practic Interna\u021bional \u201eAchizi\u021bii Publice Durabile: Provoc\u0103ri \u0219i Oportunit\u0103\u021bi\u201d (Facultatea de \u0218tiin\u021be Economice); Lec\u021bie public\u0103: Istoria Facult\u0103\u021bii de Fizic\u0103 \u0219i Inginerie, (Facultatea de Fizic\u0103 \u0219i Inginerie); Conferin\u021ba \u0219tiin\u021bific\u0103 interna\u021bional\u0103 \u201eParadigme moderne \u00een dezvoltarea economiei na\u021bionale \u0219i mondiale\u201d, ( Facultatea de \u0218tiin\u021be Economice) etc.<\/p>\n<p style=\"text-align: justify;\">\u00cen leg\u0103tur\u0103 cu evolu\u021bia situa\u021biei epidemiologice \u00een Republica Moldova \u0219i \u00een scopul prevenirii r\u0103sp\u00e2ndirii virusului COVID-19, toate evenimentele organizate de Universitatea de Stat din Moldova se vor organiza cu respectarea strict\u0103 a tuturor m\u0103surilor epidemiologice de prevenire a infect\u0103rii cu virusul COVID-19.<\/p>\n<p style=\"text-align: justify;\">Partenerii media ai evenimentelor sunt: Realitatea.Live; Privesc.eu; TVR Moldova; Moldova 1; Moldova 2; TeleRadio Moldova; Radio Moldova \u0219i AmCham Moldova.<\/p>\n<p style=\"text-align: justify;\"><strong><u><a href=\"https:\/\/75.usm.md\/wp-content\/uploads\/2021\/09\/Program_USM_75_de_ani_pentru_presa.pdf\">Programul manifest\u0103rilor jubiliare dedicate anivers\u0103rii a 75 de ani de la fondarea Universit\u0103\u021bii de Stat din Moldova<\/a><\/u><\/strong><\/p>\n","protected":false},"excerpt":{"rendered":"<p>Universitatea de Stat din Moldova (USM) continu\u0103 s\u0103-\u0219i scrie istoria! La 1 octombrie 2021, USM aniverseaz\u0103 75 de ani de la fondare. Evenimentul va fi celebrat prin organizarea mai multor activit\u0103\u021bi educa\u021bionale, \u0219tiin\u021bifice \u0219i culturale, \u00een perioada 24 septembrie \u2013 11 noiembrie. Suita activit\u0103\u021bilor va &hellip; <\/p>\n","protected":false},"author":1,"featured_media":886,"comment_status":"closed","ping_status":"closed","sticky":false,"template":"","format":"standard","meta":{"footnotes":""},"categories":[5],"tags":[],"_links":{"self":[{"href":"https:\/\/75.usm.md\/index.php?rest_route=\/wp\/v2\/posts\/647"}],"collection":[{"href":"https:\/\/75.usm.md\/index.php?rest_route=\/wp\/v2\/posts"}],"about":[{"href":"https:\/\/75.usm.md\/index.php?rest_route=\/wp\/v2\/types\/post"}],"author":[{"embeddable":true,"href":"https:\/\/75.usm.md\/index.php?rest_route=\/wp\/v2\/users\/1"}],"replies":[{"embeddable":true,"href":"https:\/\/75.usm.md\/index.php?rest_route=%2Fwp%2Fv2%2Fcomments&post=647"}],"version-history":[{"count":1,"href":"https:\/\/75.usm.md\/index.php?rest_route=\/wp\/v2\/posts\/647\/revisions"}],"predecessor-version":[{"id":649,"href":"https:\/\/75.usm.md\/index.php?rest_route=\/wp\/v2\/posts\/647\/revisions\/649"}],"wp:featuredmedia":[{"embeddable":true,"href":"https:\/\/75.usm.md\/index.php?rest_route=\/wp\/v2\/media\/886"}],"wp:attachment":[{"href":"https:\/\/75.usm.md\/index.php?rest_route=%2Fwp%2Fv2%2Fmedia&parent=647"}],"wp:term":[{"taxonomy":"category","embeddable":true,"href":"https:\/\/75.usm.md\/index.php?rest_route=%2Fwp%2Fv2%2Fcategories&post=647"},{"taxonomy":"post_tag","embeddable":true,"href":"https:\/\/75.usm.md\/index.php?rest_route=%2Fwp%2Fv2%2Ftags&post=647"}],"curies":[{"name":"wp","href":"https:\/\/api.w.org\/{rel}","templated":true}]}}