{"id":488,"date":"2021-09-24T09:18:14","date_gmt":"2021-09-24T06:18:14","guid":{"rendered":"https:\/\/75.usm.md\/?p=488"},"modified":"2021-09-24T15:05:53","modified_gmt":"2021-09-24T12:05:53","slug":"eugeniu-coseriu-ambasador-al-spiritualitatii-romanesti-in-lingvistica-mondiala","status":"publish","type":"post","link":"https:\/\/75.usm.md\/?p=488","title":{"rendered":"EUGENIU CO\u0218ERIU \u2013 Ambasador al spiritualit\u0103\u021bii rom\u00e2ne\u0219ti \u00een lingvistica mondial\u0103"},"content":{"rendered":"<p style=\"text-align: justify;\"><img loading=\"lazy\" decoding=\"async\" class=\"size-medium wp-image-777 alignleft\" src=\"https:\/\/75.usm.md\/wp-content\/uploads\/2021\/09\/4-sigla-DRRM-300x83.jpg\" alt=\"\" width=\"300\" height=\"83\" srcset=\"https:\/\/75.usm.md\/wp-content\/uploads\/2021\/09\/4-sigla-DRRM-300x83.jpg 300w, https:\/\/75.usm.md\/wp-content\/uploads\/2021\/09\/4-sigla-DRRM-216x60.jpg 216w, https:\/\/75.usm.md\/wp-content\/uploads\/2021\/09\/4-sigla-DRRM.jpg 500w\" sizes=\"(max-width: 300px) 100vw, 300px\" \/><img loading=\"lazy\" decoding=\"async\" class=\" wp-image-778 alignright\" src=\"https:\/\/75.usm.md\/wp-content\/uploads\/2021\/09\/1-logo-USM-1-150x150-1.jpg\" alt=\"\" width=\"100\" height=\"100\" srcset=\"https:\/\/75.usm.md\/wp-content\/uploads\/2021\/09\/1-logo-USM-1-150x150-1.jpg 150w, https:\/\/75.usm.md\/wp-content\/uploads\/2021\/09\/1-logo-USM-1-150x150-1-60x60.jpg 60w\" sizes=\"(max-width: 100px) 100vw, 100px\" \/>Biblioteca Central\u0103 USM v\u0103 invit\u0103 la expozi\u021bia de documente cu genericul: <strong>EUGENIU CO\u0218ERIU \u2013 Ambasador al spiritualit\u0103\u021bii rom\u00e2ne\u0219ti \u00een lingvistica mondial\u0103. <\/strong>Expozi\u021bia este organizat\u0103 \u00een cadrul Colocviului Interna\u021bional de \u0218tiin\u021be ale Limbajului \u201eEugeniu Co\u0219eriu\u201d (CISL), edi\u021bia XVI-a, care \u00ee\u0219i desf\u0103\u0219oar\u0103 lucr\u0103rile \u00een perioada 24-25 septembrie 2021.<\/p>\n<p style=\"text-align: justify;\">Colocviul se \u00eenscrie \u00een suita de activit\u0103\u021bi, dedicate celebr\u0103rii celor 75 de ani de la fondarea Universit\u0103\u021bii de Stat din Moldova.<\/p>\n<p style=\"text-align: justify;\">Diversele genuri de documente, selectate din colec\u021biile Bibliotecii, sunt prezentate \u00een compartimente precum: opera, prezen\u021be \u00een antologii, critic\u0103 literar\u0103, documente de referin\u021b\u0103, periodice, dar \u0219i materialele colocviilor edi\u021biilor anterioare.<\/p>\n<p style=\"text-align: justify;\">Expozi\u021bia este amplasat\u0103 \u00een holul din etajul 2 al blocului nr.1, blocul istoric al Universit\u0103\u021bii de Stat din Moldova. (str. M. Kog\u0103lniceanu, 65).<\/p>\n\n\t\t<div id='gallery-1' class='gallery galleryid-488 gallery-columns-5 gallery-size-thumbnail gallery1'><script type=\"text\/javascript\">\r\n\/\/ <![CDATA[\r\n\tjQuery(document).ready(function () {\r\n\t\tjQuery(\".gallery1 a\").attr(\"rel\",\"gallery1\");\t\r\n\t\tjQuery('a[rel=\"gallery1\"]').colorbox({maxWidth:\"95%\", maxHeight:\"95%\",title: function(){ return jQuery(this).children().attr(\"alt\"); }, });\r\n\t});\r\n\/\/ ]]>\r\n<\/script>\n\r\n\t\t\t<style type=\"text\/css\">\r\n\t\t\t\t#cboxCurrent { display:none !important; }\r\n\t\t\t<\/style>\n<figure class=\"gallery-item\">\n<div class=\"gallery-icon\">\r\n<a href=\"https:\/\/75.usm.md\/wp-content\/uploads\/2021\/09\/Coseriu-1-1024x768.jpg\" title=\"\" rel=\"gallery1\"><img loading=\"lazy\" decoding=\"async\" src=\"https:\/\/75.usm.md\/wp-content\/uploads\/2021\/09\/Coseriu-1-150x150.jpg\" width=\"150\" height=\"150\" alt=\"\" \/><\/a>\r\n<\/div><\/figure><figure class=\"gallery-item\">\n<div class=\"gallery-icon\">\r\n<a href=\"https:\/\/75.usm.md\/wp-content\/uploads\/2021\/09\/Coseriu-3-768x1024.jpg\" title=\"\" rel=\"gallery1\"><img loading=\"lazy\" decoding=\"async\" src=\"https:\/\/75.usm.md\/wp-content\/uploads\/2021\/09\/Coseriu-3-150x150.jpg\" width=\"150\" height=\"150\" alt=\"\" \/><\/a>\r\n<\/div><\/figure><figure class=\"gallery-item\">\n<div class=\"gallery-icon\">\r\n<a href=\"https:\/\/75.usm.md\/wp-content\/uploads\/2021\/09\/Coseriu-768x1024.jpg\" title=\"\" rel=\"gallery1\"><img loading=\"lazy\" decoding=\"async\" src=\"https:\/\/75.usm.md\/wp-content\/uploads\/2021\/09\/Coseriu-150x150.jpg\" width=\"150\" height=\"150\" alt=\"\" \/><\/a>\r\n<\/div><\/figure><figure class=\"gallery-item\">\n<div class=\"gallery-icon\">\r\n<a href=\"https:\/\/75.usm.md\/wp-content\/uploads\/2021\/09\/Coseriu2-768x1024.jpg\" title=\"\" rel=\"gallery1\"><img loading=\"lazy\" decoding=\"async\" src=\"https:\/\/75.usm.md\/wp-content\/uploads\/2021\/09\/Coseriu2-150x150.jpg\" width=\"150\" height=\"150\" alt=\"\" \/><\/a>\r\n<\/div><\/figure>\r\n\t\t<\/div>\n\n","protected":false},"excerpt":{"rendered":"<p>Biblioteca Central\u0103 USM v\u0103 invit\u0103 la expozi\u021bia de documente cu genericul: EUGENIU CO\u0218ERIU \u2013 Ambasador al spiritualit\u0103\u021bii rom\u00e2ne\u0219ti \u00een lingvistica mondial\u0103. Expozi\u021bia este organizat\u0103 \u00een cadrul Colocviului Interna\u021bional de \u0218tiin\u021be ale Limbajului \u201eEugeniu Co\u0219eriu\u201d (CISL), edi\u021bia XVI-a, care \u00ee\u0219i desf\u0103\u0219oar\u0103 lucr\u0103rile \u00een perioada 24-25 septembrie &hellip; <\/p>\n","protected":false},"author":1,"featured_media":489,"comment_status":"closed","ping_status":"closed","sticky":false,"template":"","format":"standard","meta":{"footnotes":""},"categories":[5],"tags":[],"_links":{"self":[{"href":"https:\/\/75.usm.md\/index.php?rest_route=\/wp\/v2\/posts\/488"}],"collection":[{"href":"https:\/\/75.usm.md\/index.php?rest_route=\/wp\/v2\/posts"}],"about":[{"href":"https:\/\/75.usm.md\/index.php?rest_route=\/wp\/v2\/types\/post"}],"author":[{"embeddable":true,"href":"https:\/\/75.usm.md\/index.php?rest_route=\/wp\/v2\/users\/1"}],"replies":[{"embeddable":true,"href":"https:\/\/75.usm.md\/index.php?rest_route=%2Fwp%2Fv2%2Fcomments&post=488"}],"version-history":[{"count":3,"href":"https:\/\/75.usm.md\/index.php?rest_route=\/wp\/v2\/posts\/488\/revisions"}],"predecessor-version":[{"id":781,"href":"https:\/\/75.usm.md\/index.php?rest_route=\/wp\/v2\/posts\/488\/revisions\/781"}],"wp:featuredmedia":[{"embeddable":true,"href":"https:\/\/75.usm.md\/index.php?rest_route=\/wp\/v2\/media\/489"}],"wp:attachment":[{"href":"https:\/\/75.usm.md\/index.php?rest_route=%2Fwp%2Fv2%2Fmedia&parent=488"}],"wp:term":[{"taxonomy":"category","embeddable":true,"href":"https:\/\/75.usm.md\/index.php?rest_route=%2Fwp%2Fv2%2Fcategories&post=488"},{"taxonomy":"post_tag","embeddable":true,"href":"https:\/\/75.usm.md\/index.php?rest_route=%2Fwp%2Fv2%2Ftags&post=488"}],"curies":[{"name":"wp","href":"https:\/\/api.w.org\/{rel}","templated":true}]}}