{"id":1519,"date":"2021-10-06T14:24:49","date_gmt":"2021-10-06T11:24:49","guid":{"rendered":"https:\/\/75.usm.md\/?p=1519"},"modified":"2021-10-06T14:58:52","modified_gmt":"2021-10-06T11:58:52","slug":"presedintia-republicii-moldova-apreciaza-activitatea-prodigioasa-a-cadrelor-universitare-a-usm-alti-doi-usm-isti-decorati-cu-medalia-meritul-civic","status":"publish","type":"post","link":"https:\/\/75.usm.md\/?p=1519","title":{"rendered":"Pre\u0219edin\u021bia Republicii Moldova apreciaz\u0103 activitatea prodigioas\u0103 a cadrelor universitare a USM. Al\u021bi doi USM-i\u0219ti decora\u021bi cu Medalia \u201eMeritul Civic\u201d"},"content":{"rendered":"<p style=\"text-align: justify;\">De Ziua Interna\u021bional\u0103 a Educa\u021biei \u0219i a Profesorului prin Decretul pre\u0219edintei Republicii Moldova, Maia Sandu, Sergiu Corlat, prorectorul pentru digitalizare a USM \u0219i Ion Bulimestru, conferen\u021biar universitar, a Universit\u0103\u021bii de Stat din Moldova au fost distin\u0219i cu Medalia \u201eMeritul Civic\u201d: \u201epentru munc\u0103 prodigioas\u0103 \u00een domeniul \u00eenv\u0103\u021b\u0103m\u00e2ntului, corectitudine \u0219i profesionalism, pentru implementarea politicilor educa\u021bionale \u0219i merite deosebite \u00een educarea tinerei genera\u021bii\u201d.<\/p>\n<p style=\"text-align: justify;\">Universitatea de Stat din Moldova este onorat\u0103 pentru \u00eenalta apreciere a activit\u0103\u021bii membrilor colectivului nostru de c\u0103tre conducerea \u021b\u0103rii \u0219i realizeaz\u0103 c\u00e2t de important este ca tradi\u021biile de cre\u0219tere a performan\u021belor profesionale a \u00eentregului colectiv s\u0103 fie men\u021binute \u0219i promovate, astfel \u00eenc\u00e2t USM s\u0103 se ridice la nivelul standardelor educa\u021bionale stabilite \u0219i s\u0103-\u0219i men\u021bin\u0103 pozi\u021bia de Universitatea \u2116 1 din \u021bar\u0103.<\/p>\n<p style=\"text-align: justify;\">Cu mult\u0103\u00a0pre\u021buire \u015fi\u00a0profund\u0103 considera\u021bie, V\u0103 adres\u0103m cele mai\u00a0sincere felicit\u0103ri \u015fi\u00a0ur\u0103ri, stima\u021bi colegi, pentru \u00eenalta distinc\u021bie, care este o confirmare direct\u0103 a \u00eenaltelor dvs. calit\u0103\u021bi profesionale \u0219i personale. V\u0103 dorim putere \u0219i s\u0103n\u0103tate, noroc \u0219i sprijin de la colegi, noi realiz\u0103ri \u0219i victorii, familie iubitoare \u0219i prieteni adev\u0103ra\u021bi!<\/p>\n<p style=\"text-align: justify;\">V\u0103 mul\u021bumim c\u0103 face\u021bi parte din marea familie USM \u0219i-i spori\u021bi performan\u021bele!<\/p>\n","protected":false},"excerpt":{"rendered":"<p>De Ziua Interna\u021bional\u0103 a Educa\u021biei \u0219i a Profesorului prin Decretul pre\u0219edintei Republicii Moldova, Maia Sandu, Sergiu Corlat, prorectorul pentru digitalizare a USM \u0219i Ion Bulimestru, conferen\u021biar universitar, a Universit\u0103\u021bii de Stat din Moldova au fost distin\u0219i cu Medalia \u201eMeritul Civic\u201d: \u201epentru munc\u0103 prodigioas\u0103 \u00een domeniul &hellip; <\/p>\n","protected":false},"author":1,"featured_media":1520,"comment_status":"closed","ping_status":"closed","sticky":false,"template":"","format":"standard","meta":{"footnotes":""},"categories":[5],"tags":[],"_links":{"self":[{"href":"https:\/\/75.usm.md\/index.php?rest_route=\/wp\/v2\/posts\/1519"}],"collection":[{"href":"https:\/\/75.usm.md\/index.php?rest_route=\/wp\/v2\/posts"}],"about":[{"href":"https:\/\/75.usm.md\/index.php?rest_route=\/wp\/v2\/types\/post"}],"author":[{"embeddable":true,"href":"https:\/\/75.usm.md\/index.php?rest_route=\/wp\/v2\/users\/1"}],"replies":[{"embeddable":true,"href":"https:\/\/75.usm.md\/index.php?rest_route=%2Fwp%2Fv2%2Fcomments&post=1519"}],"version-history":[{"count":2,"href":"https:\/\/75.usm.md\/index.php?rest_route=\/wp\/v2\/posts\/1519\/revisions"}],"predecessor-version":[{"id":1522,"href":"https:\/\/75.usm.md\/index.php?rest_route=\/wp\/v2\/posts\/1519\/revisions\/1522"}],"wp:featuredmedia":[{"embeddable":true,"href":"https:\/\/75.usm.md\/index.php?rest_route=\/wp\/v2\/media\/1520"}],"wp:attachment":[{"href":"https:\/\/75.usm.md\/index.php?rest_route=%2Fwp%2Fv2%2Fmedia&parent=1519"}],"wp:term":[{"taxonomy":"category","embeddable":true,"href":"https:\/\/75.usm.md\/index.php?rest_route=%2Fwp%2Fv2%2Fcategories&post=1519"},{"taxonomy":"post_tag","embeddable":true,"href":"https:\/\/75.usm.md\/index.php?rest_route=%2Fwp%2Fv2%2Ftags&post=1519"}],"curies":[{"name":"wp","href":"https:\/\/api.w.org\/{rel}","templated":true}]}}