{"id":1506,"date":"2021-10-05T13:30:57","date_gmt":"2021-10-05T10:30:57","guid":{"rendered":"https:\/\/75.usm.md\/?p=1506"},"modified":"2021-10-05T13:41:29","modified_gmt":"2021-10-05T10:41:29","slug":"presedintia-republicii-moldova-a-conferit-inaltele-distinctii-de-stat-ordinul-de-onoare-si-medalia-meritul-civic-unui-grup-de-profesori-si-conferentiari-ai-usm","status":"publish","type":"post","link":"https:\/\/75.usm.md\/?p=1506","title":{"rendered":"Pre\u0219edin\u021bia Republicii Moldova a conferit \u00eenaltele distinc\u021bii de stat \u201eOrdinul de Onoare\u201d \u0219i medalia \u201eMeritul Civic\u201d unui grup de profesori \u0219i conferen\u021biari ai USM"},"content":{"rendered":"<p style=\"text-align: justify;\">La 1 octombrie 2021,<strong> cu ocazia celei de-a 75-a anivers\u0103ri de la fondarea Universit\u0103\u021bii de Stat din Moldova (USM),<\/strong> prin decretul pre\u0219edintei Republicii Moldova, Maia Sandu: \u201epentru merite deosebite \u00een dezvoltarea \u00eenv\u0103\u021b\u0103m\u00e2ntului universitar, contribu\u021bie substan\u021bial\u0103 la preg\u0103tirea speciali\u0219tilor de \u00eenalt\u0103 calificare, activitate metodico-\u0219tiin\u021bific\u0103 prodigioas\u0103\u201d unui grup de profesori \u0219i conferen\u021biari ai Universit\u0103\u021bii de Stat din Moldova i-au fost conferite \u00eenaltele distinc\u021bii de stat \u201eOrdinul de Onoare\u201d \u0219i medalia \u201eMeritul Civic\u201d.<\/p>\n<p style=\"text-align: justify;\">\u00a0De &#8222;Ordinul de Onoare&#8221; s-au \u00eenvrednicit urm\u0103torii angaja\u021bi ai USM:<\/p>\n<ol style=\"text-align: justify;\">\n<li>Aurelia CRIVOI, profesor universitar,<\/li>\n<li>Valeriu GU\u021aU, conferen\u021biar universitar,<\/li>\n<li>Vladimir GU\u021aU, profesor universitar,<\/li>\n<li>Dumitru NEDEOGLO, profesor universitar,<\/li>\n<li>Andrei PERJAN, profesor universitar,<\/li>\n<li>Eudochia SAHARNEANU, profesor universitar.<\/li>\n<\/ol>\n<p style=\"text-align: justify;\">Prin acela\u0219i decret, medalia \u201eMeritul Civic\u201d a fost conferit\u0103 urm\u0103toarelor persoane:<\/p>\n<ol style=\"text-align: justify;\">\n<li>Ion ANDRIE\u0218, conferen\u021biar universitar,<\/li>\n<li>Cornelia CINCILEI, conferen\u021biar universitar,<\/li>\n<li>Mihai LE\u0218ANU, conferen\u021biar universitar.<\/li>\n<\/ol>\n<p style=\"text-align: justify;\">Mult stima\u021bi colegi!<\/p>\n<p style=\"text-align: justify;\">Comunitatea academic\u0103 a Universit\u0103\u021bii de Stat din Moldova este onorat\u0103 s\u0103 v\u0103 felicite cordial cu ocazia conferirii \u00eenaltelor distinc\u021bii de stat \u0219i s\u0103 v\u0103 mul\u021bumeasc\u0103 pentru munca con\u0219tiincioas\u0103, energia \u0219i entusiasmul cu care a\u021bi fortificat \u0219i fortifica\u021bi zi de zi baza \u0219tiin\u021bific\u0103 a USM. Ast\u0103zi, sunte\u021bi implica\u021bi activ \u00een procesele de modernizare ale \u00eenv\u0103\u021b\u0103m\u00e2ntului superior. Continua\u021bi s\u0103 \u00eemp\u0103rt\u0103\u0219i\u021bi bogata experien\u021b\u0103 de cercetare \u0219i de via\u021b\u0103 studen\u021biilor, educ\u00e2nd noi \u0219i noi genera\u021bii de intelectuali, personal \u00eenalt calificat \u00een toate sectoarele socio-economice.<\/p>\n<p style=\"text-align: justify;\">Contribu\u021bia Dumneavoastr\u0103 la ridicarea standardelor de calitate \u00een \u00eenv\u0103\u021b\u0103m\u00e2ntul superior este de nepre\u021buit, c\u0103ci\u00a0 Dumneavoastr\u0103\u00a0 aduce\u021bi plusvaloare USM-ului, plas\u00eend-o printre elita \u0219tiin\u021bific\u0103 \u0219i pedagogic\u0103 a \u021b\u0103rii! V\u0103 dorim mult\u0103 s\u0103n\u0103tate, bun\u0103stare, pasiune pentru tot ce face\u021bi, realiz\u0103ri frumoase.<\/p>\n<p style=\"text-align: justify;\">La mai mult \u0219i la mai mare, mult stima\u021bi colegi! La mai mult \u0219i la mai mare, USM!<\/p>\n<p><img loading=\"lazy\" decoding=\"async\" class=\"alignnone wp-image-5321\" src=\"http:\/\/usm.md\/wp-content\/uploads\/ordin.jpg\" alt=\"\" width=\"873\" height=\"1183\" \/><\/p>\n","protected":false},"excerpt":{"rendered":"<p>La 1 octombrie 2021, cu ocazia celei de-a 75-a anivers\u0103ri de la fondarea Universit\u0103\u021bii de Stat din Moldova (USM), prin decretul pre\u0219edintei Republicii Moldova, Maia Sandu: \u201epentru merite deosebite \u00een dezvoltarea \u00eenv\u0103\u021b\u0103m\u00e2ntului universitar, contribu\u021bie substan\u021bial\u0103 la preg\u0103tirea speciali\u0219tilor de \u00eenalt\u0103 calificare, activitate metodico-\u0219tiin\u021bific\u0103 prodigioas\u0103\u201d unui &hellip; <\/p>\n","protected":false},"author":1,"featured_media":1510,"comment_status":"closed","ping_status":"closed","sticky":false,"template":"","format":"standard","meta":{"footnotes":""},"categories":[5],"tags":[],"_links":{"self":[{"href":"https:\/\/75.usm.md\/index.php?rest_route=\/wp\/v2\/posts\/1506"}],"collection":[{"href":"https:\/\/75.usm.md\/index.php?rest_route=\/wp\/v2\/posts"}],"about":[{"href":"https:\/\/75.usm.md\/index.php?rest_route=\/wp\/v2\/types\/post"}],"author":[{"embeddable":true,"href":"https:\/\/75.usm.md\/index.php?rest_route=\/wp\/v2\/users\/1"}],"replies":[{"embeddable":true,"href":"https:\/\/75.usm.md\/index.php?rest_route=%2Fwp%2Fv2%2Fcomments&post=1506"}],"version-history":[{"count":2,"href":"https:\/\/75.usm.md\/index.php?rest_route=\/wp\/v2\/posts\/1506\/revisions"}],"predecessor-version":[{"id":1517,"href":"https:\/\/75.usm.md\/index.php?rest_route=\/wp\/v2\/posts\/1506\/revisions\/1517"}],"wp:featuredmedia":[{"embeddable":true,"href":"https:\/\/75.usm.md\/index.php?rest_route=\/wp\/v2\/media\/1510"}],"wp:attachment":[{"href":"https:\/\/75.usm.md\/index.php?rest_route=%2Fwp%2Fv2%2Fmedia&parent=1506"}],"wp:term":[{"taxonomy":"category","embeddable":true,"href":"https:\/\/75.usm.md\/index.php?rest_route=%2Fwp%2Fv2%2Fcategories&post=1506"},{"taxonomy":"post_tag","embeddable":true,"href":"https:\/\/75.usm.md\/index.php?rest_route=%2Fwp%2Fv2%2Ftags&post=1506"}],"curies":[{"name":"wp","href":"https:\/\/api.w.org\/{rel}","templated":true}]}}