{"id":1364,"date":"2021-10-01T19:34:17","date_gmt":"2021-10-01T16:34:17","guid":{"rendered":"https:\/\/75.usm.md\/?p=1364"},"modified":"2021-10-01T19:34:17","modified_gmt":"2021-10-01T16:34:17","slug":"universitatea-de-stat-din-moldova-la-ceas-aniversar-75-de-ani-de-performanta-academica","status":"publish","type":"post","link":"https:\/\/75.usm.md\/?p=1364","title":{"rendered":"Universitatea de Stat din Moldova la ceas aniversar. 75 de ani de performan\u021b\u0103 academic\u0103"},"content":{"rendered":"<p style=\"text-align: justify;\"><span style=\"font-weight: 400;\">Ast\u0103zi, 1 octombrie, \u00een ziua celei de-a 75-a anivers\u0103ri de la fondarea Universit\u0103\u021bii de Stat din Moldova a avut loc \u0219edin\u021ba solemn\u0103 a Senatului USM.<\/span><\/p>\n<p style=\"text-align: justify;\"><span style=\"font-weight: 400;\">La eveniment au participat: Igor Grosu, Pre\u0219edintele Parlamentului Republicii Moldova, Anatolie Topal\u0103, Ministrul Educa\u021biei \u0219i Cercet\u0103rii, E.S. Daniel Ioni\u021b\u0103, Ambasadorul Extraordinar \u0219i Plenipoten\u021biar al Rom\u00e2niei \u00een Republica Moldova, E.S. Bartlomiej Zdaniuk, Ambasadorul Extraordinar \u0219i Plenipoten\u021biar al Republicii Polone \u00een Republica Moldova, Ion Tighineanu, Pre\u0219edintele Academiei de \u0218tiin\u021be a Moldovei, Grigore Belostecinic, Pre\u0219edintele Consiliului Rectorilor din Republica Moldova, senatori \u0219.a.<\/span><\/p>\n<p style=\"text-align: justify;\"><span style=\"font-weight: 400;\">Mesaje de felicitare au fost transmise online de c\u0103tre: Ioan Aurel Pop, Pre\u0219edintele Academiei Rom\u00e2ne, Viorel Barbu, academician al Academiei Rom\u00e2ne, Klaus Bochmann, Pre\u0219edinte al Moldova Institut Leipzig \u0219i Marian Preda, Rectorul Universit\u0103\u021bii din Bucure\u0219ti.<\/span><\/p>\n<p style=\"text-align: justify;\"><span style=\"font-weight: 400;\">\u00cen cadrul \u0219edin\u021bei solemne a Senatului USM, rectorul conf. univ., dr. Igor \u0218AROV a prezentat Raportul de activitate al USM, vorbind despre perspectivele de dezvoltare \u0219i strategiile educa\u021bionale, pun\u00e2nd \u00een valoare meritul comunit\u0103\u021bii academice care a contribuit la performan\u021bele \u00eenregistrate. Totodat\u0103, s-a referit \u0219i la parteneriatele institu\u021bionale de colaborare ale universit\u0103\u021bii, sus\u021binute de conducerea \u021b\u0103rii, de partenerii de dezvoltare ai institu\u021biei, de asocia\u021biile fo\u0219tilor absolven\u021bi etc. \u201eDac\u0103 stau s\u0103 m\u0103 g\u00e2ndesc nu zidurile au f\u0103cut Universitatea, ci dumneavoastr\u0103, cei de dinaintea dumneavoastr\u0103 \u0219i cei care v\u0103 vor urma. V\u0103 exprim toat\u0103 recuno\u0219tin\u021ba \u0219i considera\u021bia pentru onorarea obliga\u021biunilor dumneavoastr\u0103, pentru munca cu abnega\u021bie \u0219i d\u0103ruire, pentru responsabilitatea de care da\u021bi dovad\u0103 zilnic. Dumneavoastr\u0103 aduce\u021bi plusvaloare \u021b\u0103rii noastre. Sunt onorat c\u0103 fac parte din excep\u021bionalul corp profesoral, care \u0219i-a men\u021binut locul \u00een elita \u0219tiin\u021bific\u0103 \u0219i pedagogic\u0103 a \u021b\u0103rii! Sunt m\u00e2ndru s\u0103 fiu rectorul celei mai prestigioase institu\u021bii de \u00eenv\u0103\u021b\u0103m\u00e2nt superior din \u021bar\u0103 \u2013 Universitatea de Stat din Moldova! V\u0103 doresc, \u00een primul r\u00e2nd, mult\u0103 s\u0103n\u0103tate, prosperitate, fericire, energie, for\u021b\u0103 \u0219i \u00eempliniri profesionale. La mul\u021bi ani, USM-i\u0219ti! La mul\u021bi ani, USM!\u201d<\/span><\/p>\n<p style=\"text-align: justify;\"><span style=\"font-weight: 400;\">Igor Grosu, Pre\u0219edintele Parlamentului Republicii Moldova, absolvent al USM, a subliniat c\u0103: \u201eEste o onoare pentru mine s\u0103 fiu aici, c\u0103ci am revenit, de fapt, acas\u0103,\u00a0 s\u0103 particip la acest eveniment important consacrat celebr\u0103rii a 75 de ani de la fondarea celei mai de prestigiu institu\u021bii de \u00eenv\u0103\u021b\u0103m\u00e2nt superior din \u021bar\u0103\u201d. \u00cen acest context festiv, Pre\u0219edintele Parlamentului a conferit Universit\u0103\u021bii de Stat din Moldova \u201eMedalia Democra\u021biei\u201d, cea mai \u00eenalt\u0103 distinc\u021bie a organului legislativ.<\/span><\/p>\n<p style=\"text-align: justify;\"><span style=\"font-weight: 400;\">Anatolie Topal\u0103, Ministrul Educa\u021biei \u0219i Cercet\u0103rii a apreciat buna colaborare dintre institu\u021bia pe care o conduce \u0219i USM: \u201eRevin cu mare bucurie la Alma Mater. \u00cencerc un sentiment aparte de m\u00e2ndrie pentru institu\u021bia care m-a format \u0219i unde am activat mul\u021bi ani la r\u00e2nd. Transmit un mesaj de pre\u021buire pentru activitatea educa\u021bional\u0103 des\u0103v\u00e2r\u0219it\u0103 pe care o realiza\u021bi cu mult\u0103 inspira\u021bie \u0219i dedica\u021bie. S\u0103 ne unim for\u021bele pentru a oferi studen\u021bilor studii performante. La Mul\u021bi Ani, USM!\u201d<\/span><\/p>\n<p style=\"text-align: justify;\"><span style=\"font-weight: 400;\">Ministrul Anatolie Topal\u0103 a decernat Diploma de Onoare a MEC unui grup de profesori \u0219i cercet\u0103tori ai USM.<\/span><\/p>\n<p style=\"text-align: justify;\"><span style=\"font-weight: 400;\">Mesaje de felicitare au adresat: Petru Chetru\u0219 \u0219i Gheorghe Rusnac, fo\u0219tii rectori ai USM, Sergiu Harea, Pre\u0219edintele Camerei de Comer\u021b \u0219i Industrie a Republicii Moldova, Andrei Chiciuc, Pre\u0219edintele Agen\u021biei Na\u021bionale de Asigurare a Calit\u0103\u021bii \u00een Educa\u021bie \u0219i Cercetare, Ghenadie Donos, Pre\u0219edintele Federa\u021biei Sindicatelor din Educa\u021bie \u0219i \u0218tiin\u021b\u0103, Gabriel Laz\u0103r, Pre\u0219edintele Autoguvern\u0103rii Studen\u021bilor USM \u0219i Nadejd\u00ee Osmochescu, reprezentanta Asocia\u021biei Studen\u021bilor Absolven\u021bi ai USM din Vietnam.<\/span><\/p>\n<p style=\"text-align: justify;\"><span style=\"font-weight: 400;\">Un moment important al anivers\u0103rii l-a constituit prezentarea plicului aniversar cu timbru fix elaborat de \u00ce.S. \u201ePo\u0219ta Moldovei\u201d. Roman Cojuhari, director general interimar al \u00ce.S. \u201ePo\u0219ta Moldovei\u201d a spus c\u0103 a fost emis\u0103 o serie unic\u0103 de 1000 de plicuri. \u201eAst\u0103zi, punem \u00een aplica\u021bie plicul cu timbru fix 75 de ani ai USM, care este \u00een prima zi de emisie \u0219i care va reprezenta un moment memorabil \u00een istoria USM\u201d.<\/span><\/p>\n<p style=\"text-align: justify;\"><span style=\"font-weight: 400;\">Evenimentul a continuat cu un concert aniversar online, sus\u021binut de colectivele artistice ale Casei de Cultur\u0103 a Universit\u0103\u021bii de Stat din Moldova.<\/span><\/p>\n<p><img loading=\"lazy\" decoding=\"async\" class=\"alignnone size-full wp-image-1366\" src=\"https:\/\/75.usm.md\/wp-content\/uploads\/2021\/10\/2-scaled.jpg\" alt=\"\" width=\"2560\" height=\"1707\" srcset=\"https:\/\/75.usm.md\/wp-content\/uploads\/2021\/10\/2-scaled.jpg 2560w, https:\/\/75.usm.md\/wp-content\/uploads\/2021\/10\/2-300x200.jpg 300w, https:\/\/75.usm.md\/wp-content\/uploads\/2021\/10\/2-1024x683.jpg 1024w, https:\/\/75.usm.md\/wp-content\/uploads\/2021\/10\/2-768x512.jpg 768w, https:\/\/75.usm.md\/wp-content\/uploads\/2021\/10\/2-1536x1024.jpg 1536w, https:\/\/75.usm.md\/wp-content\/uploads\/2021\/10\/2-2048x1365.jpg 2048w, https:\/\/75.usm.md\/wp-content\/uploads\/2021\/10\/2-90x60.jpg 90w\" sizes=\"(max-width: 2560px) 100vw, 2560px\" \/><\/p>\n<p><img loading=\"lazy\" decoding=\"async\" class=\"alignnone size-full wp-image-1367\" src=\"https:\/\/75.usm.md\/wp-content\/uploads\/2021\/10\/3-scaled.jpg\" alt=\"\" width=\"2560\" height=\"1707\" srcset=\"https:\/\/75.usm.md\/wp-content\/uploads\/2021\/10\/3-scaled.jpg 2560w, https:\/\/75.usm.md\/wp-content\/uploads\/2021\/10\/3-300x200.jpg 300w, https:\/\/75.usm.md\/wp-content\/uploads\/2021\/10\/3-1024x683.jpg 1024w, https:\/\/75.usm.md\/wp-content\/uploads\/2021\/10\/3-768x512.jpg 768w, https:\/\/75.usm.md\/wp-content\/uploads\/2021\/10\/3-1536x1024.jpg 1536w, https:\/\/75.usm.md\/wp-content\/uploads\/2021\/10\/3-2048x1365.jpg 2048w, https:\/\/75.usm.md\/wp-content\/uploads\/2021\/10\/3-90x60.jpg 90w\" sizes=\"(max-width: 2560px) 100vw, 2560px\" \/><\/p>\n<p><img loading=\"lazy\" decoding=\"async\" class=\"alignnone size-full wp-image-1368\" src=\"https:\/\/75.usm.md\/wp-content\/uploads\/2021\/10\/4-scaled.jpg\" alt=\"\" width=\"2560\" height=\"1707\" srcset=\"https:\/\/75.usm.md\/wp-content\/uploads\/2021\/10\/4-scaled.jpg 2560w, https:\/\/75.usm.md\/wp-content\/uploads\/2021\/10\/4-300x200.jpg 300w, https:\/\/75.usm.md\/wp-content\/uploads\/2021\/10\/4-1024x683.jpg 1024w, https:\/\/75.usm.md\/wp-content\/uploads\/2021\/10\/4-768x512.jpg 768w, https:\/\/75.usm.md\/wp-content\/uploads\/2021\/10\/4-1536x1024.jpg 1536w, https:\/\/75.usm.md\/wp-content\/uploads\/2021\/10\/4-2048x1365.jpg 2048w, https:\/\/75.usm.md\/wp-content\/uploads\/2021\/10\/4-90x60.jpg 90w\" sizes=\"(max-width: 2560px) 100vw, 2560px\" \/><\/p>\n<p><img loading=\"lazy\" decoding=\"async\" class=\"alignnone size-full wp-image-1369\" src=\"https:\/\/75.usm.md\/wp-content\/uploads\/2021\/10\/5-scaled.jpg\" alt=\"\" width=\"2560\" height=\"1707\" srcset=\"https:\/\/75.usm.md\/wp-content\/uploads\/2021\/10\/5-scaled.jpg 2560w, https:\/\/75.usm.md\/wp-content\/uploads\/2021\/10\/5-300x200.jpg 300w, https:\/\/75.usm.md\/wp-content\/uploads\/2021\/10\/5-1024x683.jpg 1024w, https:\/\/75.usm.md\/wp-content\/uploads\/2021\/10\/5-768x512.jpg 768w, https:\/\/75.usm.md\/wp-content\/uploads\/2021\/10\/5-1536x1024.jpg 1536w, https:\/\/75.usm.md\/wp-content\/uploads\/2021\/10\/5-2048x1365.jpg 2048w, https:\/\/75.usm.md\/wp-content\/uploads\/2021\/10\/5-90x60.jpg 90w\" sizes=\"(max-width: 2560px) 100vw, 2560px\" \/><\/p>\n<p><img loading=\"lazy\" decoding=\"async\" class=\"alignnone size-full wp-image-1370\" src=\"https:\/\/75.usm.md\/wp-content\/uploads\/2021\/10\/6-scaled.jpg\" alt=\"\" width=\"2560\" height=\"1707\" srcset=\"https:\/\/75.usm.md\/wp-content\/uploads\/2021\/10\/6-scaled.jpg 2560w, https:\/\/75.usm.md\/wp-content\/uploads\/2021\/10\/6-300x200.jpg 300w, https:\/\/75.usm.md\/wp-content\/uploads\/2021\/10\/6-1024x683.jpg 1024w, https:\/\/75.usm.md\/wp-content\/uploads\/2021\/10\/6-768x512.jpg 768w, https:\/\/75.usm.md\/wp-content\/uploads\/2021\/10\/6-1536x1024.jpg 1536w, https:\/\/75.usm.md\/wp-content\/uploads\/2021\/10\/6-2048x1365.jpg 2048w, https:\/\/75.usm.md\/wp-content\/uploads\/2021\/10\/6-90x60.jpg 90w\" sizes=\"(max-width: 2560px) 100vw, 2560px\" \/><\/p>\n<p><img loading=\"lazy\" decoding=\"async\" class=\"alignnone size-full wp-image-1371\" src=\"https:\/\/75.usm.md\/wp-content\/uploads\/2021\/10\/7-scaled.jpg\" alt=\"\" width=\"2560\" height=\"1707\" srcset=\"https:\/\/75.usm.md\/wp-content\/uploads\/2021\/10\/7-scaled.jpg 2560w, https:\/\/75.usm.md\/wp-content\/uploads\/2021\/10\/7-300x200.jpg 300w, https:\/\/75.usm.md\/wp-content\/uploads\/2021\/10\/7-1024x683.jpg 1024w, https:\/\/75.usm.md\/wp-content\/uploads\/2021\/10\/7-768x512.jpg 768w, https:\/\/75.usm.md\/wp-content\/uploads\/2021\/10\/7-1536x1024.jpg 1536w, https:\/\/75.usm.md\/wp-content\/uploads\/2021\/10\/7-2048x1365.jpg 2048w, https:\/\/75.usm.md\/wp-content\/uploads\/2021\/10\/7-90x60.jpg 90w\" sizes=\"(max-width: 2560px) 100vw, 2560px\" \/><\/p>\n<p><img loading=\"lazy\" decoding=\"async\" class=\"alignnone size-full wp-image-1372\" src=\"https:\/\/75.usm.md\/wp-content\/uploads\/2021\/10\/8-scaled.jpg\" alt=\"\" width=\"2560\" height=\"1707\" srcset=\"https:\/\/75.usm.md\/wp-content\/uploads\/2021\/10\/8-scaled.jpg 2560w, https:\/\/75.usm.md\/wp-content\/uploads\/2021\/10\/8-300x200.jpg 300w, https:\/\/75.usm.md\/wp-content\/uploads\/2021\/10\/8-1024x683.jpg 1024w, https:\/\/75.usm.md\/wp-content\/uploads\/2021\/10\/8-768x512.jpg 768w, https:\/\/75.usm.md\/wp-content\/uploads\/2021\/10\/8-1536x1024.jpg 1536w, https:\/\/75.usm.md\/wp-content\/uploads\/2021\/10\/8-2048x1365.jpg 2048w, https:\/\/75.usm.md\/wp-content\/uploads\/2021\/10\/8-90x60.jpg 90w\" sizes=\"(max-width: 2560px) 100vw, 2560px\" \/><\/p>\n<p><img loading=\"lazy\" decoding=\"async\" class=\"alignnone size-full wp-image-1373\" src=\"https:\/\/75.usm.md\/wp-content\/uploads\/2021\/10\/9-scaled.jpg\" alt=\"\" width=\"2560\" height=\"1707\" srcset=\"https:\/\/75.usm.md\/wp-content\/uploads\/2021\/10\/9-scaled.jpg 2560w, https:\/\/75.usm.md\/wp-content\/uploads\/2021\/10\/9-300x200.jpg 300w, https:\/\/75.usm.md\/wp-content\/uploads\/2021\/10\/9-1024x683.jpg 1024w, https:\/\/75.usm.md\/wp-content\/uploads\/2021\/10\/9-768x512.jpg 768w, https:\/\/75.usm.md\/wp-content\/uploads\/2021\/10\/9-1536x1024.jpg 1536w, https:\/\/75.usm.md\/wp-content\/uploads\/2021\/10\/9-2048x1365.jpg 2048w, https:\/\/75.usm.md\/wp-content\/uploads\/2021\/10\/9-90x60.jpg 90w\" sizes=\"(max-width: 2560px) 100vw, 2560px\" \/><\/p>\n<p><img loading=\"lazy\" decoding=\"async\" class=\"alignnone size-full wp-image-1374\" src=\"https:\/\/75.usm.md\/wp-content\/uploads\/2021\/10\/10-scaled.jpg\" alt=\"\" width=\"2560\" height=\"1707\" srcset=\"https:\/\/75.usm.md\/wp-content\/uploads\/2021\/10\/10-scaled.jpg 2560w, https:\/\/75.usm.md\/wp-content\/uploads\/2021\/10\/10-300x200.jpg 300w, https:\/\/75.usm.md\/wp-content\/uploads\/2021\/10\/10-1024x683.jpg 1024w, https:\/\/75.usm.md\/wp-content\/uploads\/2021\/10\/10-768x512.jpg 768w, https:\/\/75.usm.md\/wp-content\/uploads\/2021\/10\/10-1536x1024.jpg 1536w, https:\/\/75.usm.md\/wp-content\/uploads\/2021\/10\/10-2048x1365.jpg 2048w, https:\/\/75.usm.md\/wp-content\/uploads\/2021\/10\/10-90x60.jpg 90w\" sizes=\"(max-width: 2560px) 100vw, 2560px\" \/><\/p>\n<p><img loading=\"lazy\" decoding=\"async\" class=\"alignnone size-full wp-image-1375\" src=\"https:\/\/75.usm.md\/wp-content\/uploads\/2021\/10\/11-scaled.jpg\" alt=\"\" width=\"2560\" height=\"1707\" srcset=\"https:\/\/75.usm.md\/wp-content\/uploads\/2021\/10\/11-scaled.jpg 2560w, https:\/\/75.usm.md\/wp-content\/uploads\/2021\/10\/11-300x200.jpg 300w, https:\/\/75.usm.md\/wp-content\/uploads\/2021\/10\/11-1024x683.jpg 1024w, https:\/\/75.usm.md\/wp-content\/uploads\/2021\/10\/11-768x512.jpg 768w, https:\/\/75.usm.md\/wp-content\/uploads\/2021\/10\/11-1536x1024.jpg 1536w, https:\/\/75.usm.md\/wp-content\/uploads\/2021\/10\/11-2048x1365.jpg 2048w, https:\/\/75.usm.md\/wp-content\/uploads\/2021\/10\/11-90x60.jpg 90w\" sizes=\"(max-width: 2560px) 100vw, 2560px\" \/><\/p>\n<p><img loading=\"lazy\" decoding=\"async\" class=\"alignnone size-full wp-image-1376\" src=\"https:\/\/75.usm.md\/wp-content\/uploads\/2021\/10\/12-scaled.jpg\" alt=\"\" width=\"2560\" height=\"1707\" srcset=\"https:\/\/75.usm.md\/wp-content\/uploads\/2021\/10\/12-scaled.jpg 2560w, https:\/\/75.usm.md\/wp-content\/uploads\/2021\/10\/12-300x200.jpg 300w, https:\/\/75.usm.md\/wp-content\/uploads\/2021\/10\/12-1024x683.jpg 1024w, https:\/\/75.usm.md\/wp-content\/uploads\/2021\/10\/12-768x512.jpg 768w, https:\/\/75.usm.md\/wp-content\/uploads\/2021\/10\/12-1536x1024.jpg 1536w, https:\/\/75.usm.md\/wp-content\/uploads\/2021\/10\/12-2048x1365.jpg 2048w, https:\/\/75.usm.md\/wp-content\/uploads\/2021\/10\/12-90x60.jpg 90w\" sizes=\"(max-width: 2560px) 100vw, 2560px\" \/><\/p>\n<p><img loading=\"lazy\" decoding=\"async\" class=\"alignnone size-full wp-image-1377\" src=\"https:\/\/75.usm.md\/wp-content\/uploads\/2021\/10\/13-scaled.jpg\" alt=\"\" width=\"2560\" height=\"1707\" srcset=\"https:\/\/75.usm.md\/wp-content\/uploads\/2021\/10\/13-scaled.jpg 2560w, https:\/\/75.usm.md\/wp-content\/uploads\/2021\/10\/13-300x200.jpg 300w, https:\/\/75.usm.md\/wp-content\/uploads\/2021\/10\/13-1024x683.jpg 1024w, https:\/\/75.usm.md\/wp-content\/uploads\/2021\/10\/13-768x512.jpg 768w, https:\/\/75.usm.md\/wp-content\/uploads\/2021\/10\/13-1536x1024.jpg 1536w, https:\/\/75.usm.md\/wp-content\/uploads\/2021\/10\/13-2048x1365.jpg 2048w, https:\/\/75.usm.md\/wp-content\/uploads\/2021\/10\/13-90x60.jpg 90w\" sizes=\"(max-width: 2560px) 100vw, 2560px\" \/><\/p>\n","protected":false},"excerpt":{"rendered":"<p>Ast\u0103zi, 1 octombrie, \u00een ziua celei de-a 75-a anivers\u0103ri de la fondarea Universit\u0103\u021bii de Stat din Moldova a avut loc \u0219edin\u021ba solemn\u0103 a Senatului USM. La eveniment au participat: Igor Grosu, Pre\u0219edintele Parlamentului Republicii Moldova, Anatolie Topal\u0103, Ministrul Educa\u021biei \u0219i Cercet\u0103rii, E.S. Daniel Ioni\u021b\u0103, Ambasadorul &hellip; <\/p>\n","protected":false},"author":1,"featured_media":1365,"comment_status":"closed","ping_status":"closed","sticky":false,"template":"","format":"standard","meta":{"footnotes":""},"categories":[5],"tags":[],"_links":{"self":[{"href":"https:\/\/75.usm.md\/index.php?rest_route=\/wp\/v2\/posts\/1364"}],"collection":[{"href":"https:\/\/75.usm.md\/index.php?rest_route=\/wp\/v2\/posts"}],"about":[{"href":"https:\/\/75.usm.md\/index.php?rest_route=\/wp\/v2\/types\/post"}],"author":[{"embeddable":true,"href":"https:\/\/75.usm.md\/index.php?rest_route=\/wp\/v2\/users\/1"}],"replies":[{"embeddable":true,"href":"https:\/\/75.usm.md\/index.php?rest_route=%2Fwp%2Fv2%2Fcomments&post=1364"}],"version-history":[{"count":1,"href":"https:\/\/75.usm.md\/index.php?rest_route=\/wp\/v2\/posts\/1364\/revisions"}],"predecessor-version":[{"id":1378,"href":"https:\/\/75.usm.md\/index.php?rest_route=\/wp\/v2\/posts\/1364\/revisions\/1378"}],"wp:featuredmedia":[{"embeddable":true,"href":"https:\/\/75.usm.md\/index.php?rest_route=\/wp\/v2\/media\/1365"}],"wp:attachment":[{"href":"https:\/\/75.usm.md\/index.php?rest_route=%2Fwp%2Fv2%2Fmedia&parent=1364"}],"wp:term":[{"taxonomy":"category","embeddable":true,"href":"https:\/\/75.usm.md\/index.php?rest_route=%2Fwp%2Fv2%2Fcategories&post=1364"},{"taxonomy":"post_tag","embeddable":true,"href":"https:\/\/75.usm.md\/index.php?rest_route=%2Fwp%2Fv2%2Ftags&post=1364"}],"curies":[{"name":"wp","href":"https:\/\/api.w.org\/{rel}","templated":true}]}}