{"id":1308,"date":"2021-09-30T17:19:21","date_gmt":"2021-09-30T14:19:21","guid":{"rendered":"https:\/\/75.usm.md\/?p=1308"},"modified":"2021-10-01T12:21:56","modified_gmt":"2021-10-01T09:21:56","slug":"sedinta-solemna-a-senatului-universitatii-de-stat-din-moldova","status":"publish","type":"post","link":"https:\/\/75.usm.md\/?p=1308","title":{"rendered":"\u0218edin\u021ba solemn\u0103 a Senatului Universit\u0103\u021bii de Stat din Moldova"},"content":{"rendered":"<p style=\"font-weight: 400; text-align: justify;\">Vineri, 1 octombrie 2021, la ora 14:00 va avea loc \u0219edin\u021ba solemn\u0103 a Senatului Universit\u0103\u021bii de Stat din Moldova consacrat\u0103 celei de-a 75-a anivers\u0103ri de la fondarea institu\u021biei. Evenimentul va fi difuzat \u00een direct pe pagina de Facebook a USM, pe portalul de \u0219tiri Privesc.Eu \u0219i pe platforma Rlive.md. Ne vom bucura dac\u0103 ve\u021bi \u00eemp\u0103rt\u0103\u0219i acelea\u0219i emo\u021bii cu noi.<\/p>\n<p style=\"font-weight: 400; text-align: justify;\"><a href=\"http:\/\/usm.md\/wp-content\/uploads\/01.10.21_Program_75_USM_A4.pdf\"><strong>Programul \u0218edin\u021bei solemne a Senatului USM<\/strong><\/a><\/p>\n","protected":false},"excerpt":{"rendered":"<p>Vineri, 1 octombrie 2021, la ora 14:00 va avea loc \u0219edin\u021ba solemn\u0103 a Senatului Universit\u0103\u021bii de Stat din Moldova consacrat\u0103 celei de-a 75-a anivers\u0103ri de la fondarea institu\u021biei. Evenimentul va fi difuzat \u00een direct pe pagina de Facebook a USM, pe portalul de \u0219tiri Privesc.Eu &hellip; <\/p>\n","protected":false},"author":1,"featured_media":1322,"comment_status":"closed","ping_status":"closed","sticky":false,"template":"","format":"standard","meta":{"footnotes":""},"categories":[5],"tags":[],"_links":{"self":[{"href":"https:\/\/75.usm.md\/index.php?rest_route=\/wp\/v2\/posts\/1308"}],"collection":[{"href":"https:\/\/75.usm.md\/index.php?rest_route=\/wp\/v2\/posts"}],"about":[{"href":"https:\/\/75.usm.md\/index.php?rest_route=\/wp\/v2\/types\/post"}],"author":[{"embeddable":true,"href":"https:\/\/75.usm.md\/index.php?rest_route=\/wp\/v2\/users\/1"}],"replies":[{"embeddable":true,"href":"https:\/\/75.usm.md\/index.php?rest_route=%2Fwp%2Fv2%2Fcomments&post=1308"}],"version-history":[{"count":2,"href":"https:\/\/75.usm.md\/index.php?rest_route=\/wp\/v2\/posts\/1308\/revisions"}],"predecessor-version":[{"id":1311,"href":"https:\/\/75.usm.md\/index.php?rest_route=\/wp\/v2\/posts\/1308\/revisions\/1311"}],"wp:featuredmedia":[{"embeddable":true,"href":"https:\/\/75.usm.md\/index.php?rest_route=\/wp\/v2\/media\/1322"}],"wp:attachment":[{"href":"https:\/\/75.usm.md\/index.php?rest_route=%2Fwp%2Fv2%2Fmedia&parent=1308"}],"wp:term":[{"taxonomy":"category","embeddable":true,"href":"https:\/\/75.usm.md\/index.php?rest_route=%2Fwp%2Fv2%2Fcategories&post=1308"},{"taxonomy":"post_tag","embeddable":true,"href":"https:\/\/75.usm.md\/index.php?rest_route=%2Fwp%2Fv2%2Ftags&post=1308"}],"curies":[{"name":"wp","href":"https:\/\/api.w.org\/{rel}","templated":true}]}}